{"id":24670,"date":"2021-07-21T13:26:21","date_gmt":"2021-07-21T11:26:21","guid":{"rendered":"http:\/\/nowa.scinawa.pl\/?p=24670"},"modified":"2021-07-21T13:26:21","modified_gmt":"2021-07-21T11:26:21","slug":"wirtualnie-szlakiem-sw-jakuba","status":"publish","type":"post","link":"https:\/\/scinawa.pl\/index.php\/2021\/07\/21\/wirtualnie-szlakiem-sw-jakuba\/","title":{"rendered":"Wirtualnie szlakiem \u015bw. Jakuba"},"content":{"rendered":"<p align=\"justify\"><strong>22 lipca zapraszamy do Szkolnego Schroniska M\u0142odzie\u017cowego \u201ePa\u0142acyk\u201d na ciekawe spotkanie, po\u015bwi\u0119cone rozwa\u017caniom na temat Camino de Santiago \u2013 przebiegaj\u0105cej przez Europ\u0119 Drodze \u015bw. Jakuba. W niepowtarzalny klimat wprowadz\u0105 uczestnik\u00f3w wolontariusze ze Stowarzyszenia Sztukowanie Pami\u0119ci, a ca\u0142a grupa punktualnie o godzinie 18:00 wyruszy ze \u015acinawy w wirtualn\u0105 podr\u00f3\u017c do hiszpa\u0144skiego miasta Santiago de Compostela, miejsca poch\u00f3wku \u015bw. Jakuba Aposto\u0142a. Udzia\u0142 w spotkaniu jest bezp\u0142atny, wydarzenie zorganizuje Stowarzyszenie Sztukowanie Pami\u0119ci, inicjatyw\u0119 wspiera lokalny samorz\u0105d. Go\u015bciem specjalnym, z kt\u00f3rym po\u0142\u0105cz\u0105 si\u0119 organizatorzy, b\u0119dzie ks. Roman Wcis\u0142o, sam dyrektor Centro Europeo de Peregrinacion Juan Pablo II, Monte do Gozo oprowadzi go\u015bci po katedrze w Santiago de Compostela.<\/strong><\/p>\n<p align=\"justify\">Historia trasy pielgrzymkowej do Santiago de Compostela, kt\u00f3ra prowadzi przez \u015acinawa si\u0119ga roku 813, kiedy to pustelnik ujrza\u0142 deszcz meteoryt\u00f3w, wskazuj\u0105cych rzekomo gr\u00f3b \u015bw. Jakuba Aposto\u0142a. Od tego czasu szlak pozosta\u0142 niemal niezmieniony, poniewa\u017c Droga \u015bw. Jakuba zosta\u0142a wpisana na list\u0119 UNESCO w 1993 r\u2026 Wi\u0119cej ciekawych informacji ju\u017c jutro przy okazji zapowiadanego spotkania.<\/p>\n<p>Zapraszamy do \u201ePa\u0142acyku\u201d \u2013 22 lipca, godzina 18:00.<\/p>\n<p><a href=\"http:\/\/nowa.scinawa.pl\/wp-content\/uploads\/2021\/07\/218577968_1242000182907145_3634950812671987760_n.jpg\"><img decoding=\"async\" loading=\"lazy\" class=\"aligncenter size-full wp-image-24671\" src=\"http:\/\/nowa.scinawa.pl\/wp-content\/uploads\/2021\/07\/218577968_1242000182907145_3634950812671987760_n.jpg\" alt=\"\" width=\"1448\" height=\"2048\" srcset=\"https:\/\/scinawa.pl\/wp-content\/uploads\/2021\/07\/218577968_1242000182907145_3634950812671987760_n.jpg 1448w, https:\/\/scinawa.pl\/wp-content\/uploads\/2021\/07\/218577968_1242000182907145_3634950812671987760_n-212x300.jpg 212w, https:\/\/scinawa.pl\/wp-content\/uploads\/2021\/07\/218577968_1242000182907145_3634950812671987760_n-724x1024.jpg 724w, https:\/\/scinawa.pl\/wp-content\/uploads\/2021\/07\/218577968_1242000182907145_3634950812671987760_n-768x1086.jpg 768w, https:\/\/scinawa.pl\/wp-content\/uploads\/2021\/07\/218577968_1242000182907145_3634950812671987760_n-1086x1536.jpg 1086w, https:\/\/scinawa.pl\/wp-content\/uploads\/2021\/07\/218577968_1242000182907145_3634950812671987760_n-17x24.jpg 17w, https:\/\/scinawa.pl\/wp-content\/uploads\/2021\/07\/218577968_1242000182907145_3634950812671987760_n-25x36.jpg 25w, https:\/\/scinawa.pl\/wp-content\/uploads\/2021\/07\/218577968_1242000182907145_3634950812671987760_n-34x48.jpg 34w\" sizes=\"(max-width: 1448px) 100vw, 1448px\" \/><\/a><\/p>\n","protected":false},"excerpt":{"rendered":"<p>22 lipca zapraszamy do Szkolnego Schroniska M\u0142odzie\u017cowego \u201ePa\u0142acyk\u201d na ciekawe spotkanie, po\u015bwi\u0119cone rozwa\u017caniom na temat Camino de Santiago \u2013 przebiegaj\u0105cej<\/p>\n","protected":false},"author":3,"featured_media":24672,"comment_status":"open","ping_status":"open","sticky":false,"template":"","format":"standard","meta":{"ngg_post_thumbnail":0},"categories":[12,3],"tags":[179,1193,368],"_links":{"self":[{"href":"https:\/\/scinawa.pl\/index.php\/wp-json\/wp\/v2\/posts\/24670"}],"collection":[{"href":"https:\/\/scinawa.pl\/index.php\/wp-json\/wp\/v2\/posts"}],"about":[{"href":"https:\/\/scinawa.pl\/index.php\/wp-json\/wp\/v2\/types\/post"}],"author":[{"embeddable":true,"href":"https:\/\/scinawa.pl\/index.php\/wp-json\/wp\/v2\/users\/3"}],"replies":[{"embeddable":true,"href":"https:\/\/scinawa.pl\/index.php\/wp-json\/wp\/v2\/comments?post=24670"}],"version-history":[{"count":1,"href":"https:\/\/scinawa.pl\/index.php\/wp-json\/wp\/v2\/posts\/24670\/revisions"}],"predecessor-version":[{"id":24673,"href":"https:\/\/scinawa.pl\/index.php\/wp-json\/wp\/v2\/posts\/24670\/revisions\/24673"}],"wp:featuredmedia":[{"embeddable":true,"href":"https:\/\/scinawa.pl\/index.php\/wp-json\/wp\/v2\/media\/24672"}],"wp:attachment":[{"href":"https:\/\/scinawa.pl\/index.php\/wp-json\/wp\/v2\/media?parent=24670"}],"wp:term":[{"taxonomy":"category","embeddable":true,"href":"https:\/\/scinawa.pl\/index.php\/wp-json\/wp\/v2\/categories?post=24670"},{"taxonomy":"post_tag","embeddable":true,"href":"https:\/\/scinawa.pl\/index.php\/wp-json\/wp\/v2\/tags?post=24670"}],"curies":[{"name":"wp","href":"https:\/\/api.w.org\/{rel}","templated":true}]}}