{"id":24658,"date":"2021-07-19T14:30:40","date_gmt":"2021-07-19T12:30:40","guid":{"rendered":"http:\/\/nowa.scinawa.pl\/?p=24658"},"modified":"2021-07-19T14:30:40","modified_gmt":"2021-07-19T12:30:40","slug":"zmiana-w-sztabie-odry-nowy-prezes-czarnych","status":"publish","type":"post","link":"https:\/\/scinawa.pl\/index.php\/2021\/07\/19\/zmiana-w-sztabie-odry-nowy-prezes-czarnych\/","title":{"rendered":"Zmiana w sztabie Odry, nowy prezes Czarnych"},"content":{"rendered":"<p align=\"justify\"><strong>Jutro do trening\u00f3w, po kr\u00f3tkiej wakacyjnej przerwie, wracaj\u0105 zawodnicy Odry \u015acinawa. W sztabie szkoleniowym czwartoligowca dosz\u0142o do istotnej zmiany, w nowym sezonie dru\u017cyn\u0119 poprowadzi trenerski duet: Tomasz Wo\u0142och \u2013 Hubert \u0141ysy. Drugi z wymienionych szkoleniowc\u00f3w zast\u0105pi\u0142 na stanowisku Tomasza Ficnera, kt\u00f3ry odszed\u0142 z klubu po 4 sezonach. Do zmiany dosz\u0142o te\u017c w zarz\u0105dzie Czarnych Dziewin, Walne Zebranie Cz\u0142onk\u00f3w Stowarzyszenia przyj\u0119\u0142o rezygnacj\u0119 wieloletniego prezesa Zdzis\u0142awa Wielg\u00f3rki i powo\u0142a\u0142o w jego miejsce Dawida Trawk\u0119.<\/strong><\/p>\n<p align=\"justify\">Hubert \u0141ysy ostatnie dwa sezony sp\u0119dzi\u0142 na \u0142awce trenerskiej Orkana Szczedrzykowice. Od 2009 roku pracowa\u0142 z grupami m\u0142odzie\u017cowymi Miedzi Legnica. W sezonach 2011\/2012 i 2012\/2013 by\u0142 cz\u0142onkiem sztabu szkoleniowego \u201eMiedzianki\u201d, kt\u00f3r\u0105 prowadzi\u0142 Bogus\u0142aw Baniak.<\/p>\n<p align=\"justify\">Dawid Trawka to by\u0142y zawodnik Odry \u015acinawa, kt\u00f3ry na boiskach 4. ligi wyst\u0119powa\u0142 jeszcze w ubieg\u0142ym sezonie. Nowy prezes Czarnych Dziewin wzmocni te\u017c sk\u0142ad A-klasowca, bo tak\u017ce b\u0119dzie czynnym zawodnikiem.<br \/>\n<a href=\"http:\/\/nowa.scinawa.pl\/wp-content\/uploads\/2021\/07\/214968377_251737613428145_4552390747443697914_n.jpg\"><img decoding=\"async\" loading=\"lazy\" class=\"aligncenter size-full wp-image-24660\" src=\"http:\/\/nowa.scinawa.pl\/wp-content\/uploads\/2021\/07\/214968377_251737613428145_4552390747443697914_n.jpg\" alt=\"\" width=\"1504\" height=\"2015\" srcset=\"https:\/\/scinawa.pl\/wp-content\/uploads\/2021\/07\/214968377_251737613428145_4552390747443697914_n.jpg 1504w, https:\/\/scinawa.pl\/wp-content\/uploads\/2021\/07\/214968377_251737613428145_4552390747443697914_n-224x300.jpg 224w, https:\/\/scinawa.pl\/wp-content\/uploads\/2021\/07\/214968377_251737613428145_4552390747443697914_n-764x1024.jpg 764w, https:\/\/scinawa.pl\/wp-content\/uploads\/2021\/07\/214968377_251737613428145_4552390747443697914_n-768x1029.jpg 768w, https:\/\/scinawa.pl\/wp-content\/uploads\/2021\/07\/214968377_251737613428145_4552390747443697914_n-1146x1536.jpg 1146w, https:\/\/scinawa.pl\/wp-content\/uploads\/2021\/07\/214968377_251737613428145_4552390747443697914_n-18x24.jpg 18w, https:\/\/scinawa.pl\/wp-content\/uploads\/2021\/07\/214968377_251737613428145_4552390747443697914_n-27x36.jpg 27w, https:\/\/scinawa.pl\/wp-content\/uploads\/2021\/07\/214968377_251737613428145_4552390747443697914_n-36x48.jpg 36w\" sizes=\"(max-width: 1504px) 100vw, 1504px\" \/><\/a><\/p>\n<p>Foto: Odra \u015acinawa, Czarni Dziewin<\/p>\n","protected":false},"excerpt":{"rendered":"<p>Jutro do trening\u00f3w, po kr\u00f3tkiej wakacyjnej przerwie, wracaj\u0105 zawodnicy Odry \u015acinawa. W sztabie szkoleniowym czwartoligowca dosz\u0142o do istotnej zmiany, w<\/p>\n","protected":false},"author":3,"featured_media":24659,"comment_status":"open","ping_status":"open","sticky":false,"template":"","format":"standard","meta":{"ngg_post_thumbnail":0},"categories":[12,3],"tags":[65,58],"_links":{"self":[{"href":"https:\/\/scinawa.pl\/index.php\/wp-json\/wp\/v2\/posts\/24658"}],"collection":[{"href":"https:\/\/scinawa.pl\/index.php\/wp-json\/wp\/v2\/posts"}],"about":[{"href":"https:\/\/scinawa.pl\/index.php\/wp-json\/wp\/v2\/types\/post"}],"author":[{"embeddable":true,"href":"https:\/\/scinawa.pl\/index.php\/wp-json\/wp\/v2\/users\/3"}],"replies":[{"embeddable":true,"href":"https:\/\/scinawa.pl\/index.php\/wp-json\/wp\/v2\/comments?post=24658"}],"version-history":[{"count":2,"href":"https:\/\/scinawa.pl\/index.php\/wp-json\/wp\/v2\/posts\/24658\/revisions"}],"predecessor-version":[{"id":24662,"href":"https:\/\/scinawa.pl\/index.php\/wp-json\/wp\/v2\/posts\/24658\/revisions\/24662"}],"wp:featuredmedia":[{"embeddable":true,"href":"https:\/\/scinawa.pl\/index.php\/wp-json\/wp\/v2\/media\/24659"}],"wp:attachment":[{"href":"https:\/\/scinawa.pl\/index.php\/wp-json\/wp\/v2\/media?parent=24658"}],"wp:term":[{"taxonomy":"category","embeddable":true,"href":"https:\/\/scinawa.pl\/index.php\/wp-json\/wp\/v2\/categories?post=24658"},{"taxonomy":"post_tag","embeddable":true,"href":"https:\/\/scinawa.pl\/index.php\/wp-json\/wp\/v2\/tags?post=24658"}],"curies":[{"name":"wp","href":"https:\/\/api.w.org\/{rel}","templated":true}]}}