{"id":24510,"date":"2021-06-25T12:29:58","date_gmt":"2021-06-25T10:29:58","guid":{"rendered":"http:\/\/nowa.scinawa.pl\/?p=24510"},"modified":"2021-06-25T12:29:58","modified_gmt":"2021-06-25T10:29:58","slug":"mieszkancy-chca-wymienic-az-130-starych-piecow","status":"publish","type":"post","link":"https:\/\/scinawa.pl\/index.php\/2021\/06\/25\/mieszkancy-chca-wymienic-az-130-starych-piecow\/","title":{"rendered":"Mieszka\u0144cy chc\u0105 wymieni\u0107 a\u017c 130 starych piec\u00f3w!"},"content":{"rendered":"<p align=\"justify\"><strong>Ogromnym zainteresowaniem cieszy si\u0119 grantowy projekt pn. \u201ePoprawa efektywno\u015bci energetycznej poprzez wymian\u0119 wysokoemisyjnych \u017ar\u00f3de\u0142 ciep\u0142a w budynkach i lokalach mieszkalnych na terenie Gmin Legnicko G\u0142ogowskiego Obszaru Interwencji\u201d. Mieszka\u0144cy i w\u0142a\u015bciciele nieruchomo\u015bci zlokalizowanych na obszarze gminy \u015acinawa, w naborze 2021 (jego termin min\u0105\u0142 17 czerwca) z\u0142o\u017cyli \u0142\u0105cznie 108 wniosk\u00f3w o dotacje, z czego 9 aplikacji dotyczy wsp\u00f3lnot mieszkaniowych. Wnioski odnosz\u0105 si\u0119 do wymiany na ekologiczne a\u017c 130 piec\u00f3w! Po raz kolejny \u2013 podobnie by\u0142o w minionym roku, najwi\u0119kszym zainteresowaniem ciesz\u0105 si\u0119 piece na gaz- razem 63 piece.<\/strong><\/p>\n<p align=\"justify\"><strong>Indywidualnie swoje wnioski z\u0142o\u017cy\u0142o 99 mieszka\u0144c\u00f3w\/w\u0142a\u015bcicieli nieruchomo\u015bci, kt\u00f3rzy chc\u0105 wymieni\u0107 tzw. \u201ekopciuch\u201d i zainstalowa\u0107 ekologiczne \u017ar\u00f3d\u0142a ciep\u0142a, tj.:<\/strong><br \/>\n&#8211; piece gazowe (32) + 31 piec\u00f3w gazowych w lokalach zarz\u0105dzanych przez 9 wsp\u00f3lnot mieszkaniowych,<br \/>\n&#8211; pompy ciep\u0142a (38),<br \/>\n&#8211; piece na pellet (25),<br \/>\n&#8211; piece elektryczne (4).<\/p>\n<p align=\"justify\">Warto zaznaczy\u0107, \u017ce 68 wniosk\u00f3w dotyczy samej \u015acinawy (59 z\u0142o\u017conych indywidualnie, 9 z\u0142o\u017conych przez wsp\u00f3lnoty), natomiast 40 aplikacji z\u0142o\u017cyli mieszka\u0144cy obszar\u00f3w wiejskich. \u0141\u0105czna warto\u015b\u0107 grant\u00f3w, o kt\u00f3re si\u0119 ubiegaj\u0105 beneficjenci konkursu z naszego terenu opiewa na rekordow\u0105 kwot\u0119 2.158.268,55 z\u0142. Je\u017celi nie b\u0119dzie b\u0142\u0119d\u00f3w w z\u0142o\u017conych wnioskach wszyscy zainteresowani otrzymaj\u0105 wsparcie.<\/p>\n<p align=\"justify\">Na weryfikacj\u0119 formaln\u0105 z\u0142o\u017conych dokument\u00f3w urz\u0119dnicy maj\u0105 miesi\u0105c czasu od dnia zako\u0144czenia naboru, nast\u0119pnie przez kolejne 14 dni aplikacje b\u0119d\u0105 oceniane merytorycznie. Pod koniec lipca zostanie opublikowana lista mieszka\u0144c\u00f3w\/podmiot\u00f3w, kt\u00f3rym przyznane zostan\u0105 granty na wymian\u0119 \u017ar\u00f3de\u0142 ciep\u0142a. \u015acinawski samorz\u0105d planuje, \u017ce w sierpniu podpisze ju\u017c umowy grantowe na realizacj\u0119 zada\u0144.<\/p>\n<p align=\"justify\">Nab\u00f3r, kt\u00f3ry zako\u0144czy\u0142 si\u0119 w 17 czerwca br. promowanym by\u0142 w mediach, m.in. w audycjach radiowych, ale r\u00f3wnie\u017c poprzez plakaty w ka\u017cdej miejscowo\u015bci oraz kolportowane ulotki, co przenios\u0142o si\u0119 na najwi\u0119ksze zainteresowanie mieszka\u0144c\u00f3w spo\u015br\u00f3d wszystkich 5 samorz\u0105d\u00f3w realizuj\u0105cych ten partnerski projekt.<\/p>\n<p><a href=\"http:\/\/nowa.scinawa.pl\/wp-content\/uploads\/2021\/06\/20210625_121904.jpg\"><img decoding=\"async\" loading=\"lazy\" class=\"aligncenter size-full wp-image-24511\" src=\"http:\/\/nowa.scinawa.pl\/wp-content\/uploads\/2021\/06\/20210625_121904.jpg\" alt=\"\" width=\"1024\" height=\"1365\" srcset=\"https:\/\/scinawa.pl\/wp-content\/uploads\/2021\/06\/20210625_121904.jpg 1024w, https:\/\/scinawa.pl\/wp-content\/uploads\/2021\/06\/20210625_121904-225x300.jpg 225w, https:\/\/scinawa.pl\/wp-content\/uploads\/2021\/06\/20210625_121904-768x1024.jpg 768w, https:\/\/scinawa.pl\/wp-content\/uploads\/2021\/06\/20210625_121904-18x24.jpg 18w, https:\/\/scinawa.pl\/wp-content\/uploads\/2021\/06\/20210625_121904-27x36.jpg 27w, https:\/\/scinawa.pl\/wp-content\/uploads\/2021\/06\/20210625_121904-36x48.jpg 36w\" sizes=\"(max-width: 1024px) 100vw, 1024px\" \/><\/a><br \/>\n<a href=\"http:\/\/nowa.scinawa.pl\/wp-content\/uploads\/2021\/06\/ratusz3.jpg\"><img decoding=\"async\" loading=\"lazy\" class=\"aligncenter size-full wp-image-24512\" src=\"http:\/\/nowa.scinawa.pl\/wp-content\/uploads\/2021\/06\/ratusz3.jpg\" alt=\"\" width=\"768\" height=\"1024\" srcset=\"https:\/\/scinawa.pl\/wp-content\/uploads\/2021\/06\/ratusz3.jpg 768w, https:\/\/scinawa.pl\/wp-content\/uploads\/2021\/06\/ratusz3-225x300.jpg 225w, https:\/\/scinawa.pl\/wp-content\/uploads\/2021\/06\/ratusz3-18x24.jpg 18w, https:\/\/scinawa.pl\/wp-content\/uploads\/2021\/06\/ratusz3-27x36.jpg 27w, https:\/\/scinawa.pl\/wp-content\/uploads\/2021\/06\/ratusz3-36x48.jpg 36w\" sizes=\"(max-width: 768px) 100vw, 768px\" \/><\/a><br \/>\n<a href=\"http:\/\/nowa.scinawa.pl\/wp-content\/uploads\/2021\/06\/20210621_173047.jpg\"><img decoding=\"async\" loading=\"lazy\" class=\"aligncenter size-full wp-image-24513\" src=\"http:\/\/nowa.scinawa.pl\/wp-content\/uploads\/2021\/06\/20210621_173047.jpg\" alt=\"\" width=\"768\" height=\"1024\" srcset=\"https:\/\/scinawa.pl\/wp-content\/uploads\/2021\/06\/20210621_173047.jpg 768w, https:\/\/scinawa.pl\/wp-content\/uploads\/2021\/06\/20210621_173047-225x300.jpg 225w, https:\/\/scinawa.pl\/wp-content\/uploads\/2021\/06\/20210621_173047-18x24.jpg 18w, https:\/\/scinawa.pl\/wp-content\/uploads\/2021\/06\/20210621_173047-27x36.jpg 27w, https:\/\/scinawa.pl\/wp-content\/uploads\/2021\/06\/20210621_173047-36x48.jpg 36w\" sizes=\"(max-width: 768px) 100vw, 768px\" \/><\/a><\/p>\n<p align=\"justify\">Przypominamy, \u017ce \u015acinawa jako lider projektu, w porozumieniu z czterema innymi samorz\u0105dami, tj.: Lubinem, Chocianowem, Prochowicami oraz Rudn\u0105, jeszcze w 2019 roku, z\u0142o\u017cy\u0142a do Urz\u0119du Marsza\u0142kowskiego Wojew\u00f3dztwa Dolno\u015bl\u0105skiego wniosek w ramach RPO WD 2014-2020; O\u015b priorytetowa 3: Gospodarka niskoemisyjna; Dzia\u0142anie 3.3: \u201eEfektywno\u015b\u0107 energetyczna w budynkach u\u017cyteczno\u015bci publicznej i sektorze mieszkaniowym\u201d; Poddzia\u0142anie 3.3.1 OSI: \u201eEfektywno\u015b\u0107 energetyczna w budynkach u\u017cyteczno\u015bci publicznej i sektorze mieszkaniowym- konkurs horyzontalny OSI\u201d; Typ 3.3e: \u201eModernizacja system\u00f3w grzewczych i odnawialne \u017ar\u00f3d\u0142a energii- projekty dotycz\u0105ce zwalczania emisji kominowej \u2013 projekt grantowy\u201d. Dzi\u0119ki udzia\u0142owi w konkursie i jego pozytywnym rozstrzygni\u0119ciu przez UMWD, pi\u0119\u0107 wymienionych wy\u017cej samorz\u0105d\u00f3w uzyska\u0142o wsparcie \u0142\u0105cznie na poziomie oko\u0142o 16 mln z\u0142, z czego troch\u0119 ponad 4 mln z\u0142 przypad\u0142o naszej gminie, a tak naprawd\u0119 mieszka\u0144com i w\u0142a\u015bcicielom nieruchomo\u015bci na jej terenie.<\/p>\n<p align=\"justify\">W przysz\u0142ym roku planowany jest ostania, trzecia edycja przedmiotowego konkursu.<\/p>\n","protected":false},"excerpt":{"rendered":"<p>Ogromnym zainteresowaniem cieszy si\u0119 grantowy projekt pn. \u201ePoprawa efektywno\u015bci energetycznej poprzez wymian\u0119 wysokoemisyjnych \u017ar\u00f3de\u0142 ciep\u0142a w budynkach i lokalach mieszkalnych<\/p>\n","protected":false},"author":3,"featured_media":24514,"comment_status":"open","ping_status":"open","sticky":false,"template":"","format":"standard","meta":{"ngg_post_thumbnail":0},"categories":[12,3],"tags":[496,1071,1302],"_links":{"self":[{"href":"https:\/\/scinawa.pl\/index.php\/wp-json\/wp\/v2\/posts\/24510"}],"collection":[{"href":"https:\/\/scinawa.pl\/index.php\/wp-json\/wp\/v2\/posts"}],"about":[{"href":"https:\/\/scinawa.pl\/index.php\/wp-json\/wp\/v2\/types\/post"}],"author":[{"embeddable":true,"href":"https:\/\/scinawa.pl\/index.php\/wp-json\/wp\/v2\/users\/3"}],"replies":[{"embeddable":true,"href":"https:\/\/scinawa.pl\/index.php\/wp-json\/wp\/v2\/comments?post=24510"}],"version-history":[{"count":1,"href":"https:\/\/scinawa.pl\/index.php\/wp-json\/wp\/v2\/posts\/24510\/revisions"}],"predecessor-version":[{"id":24515,"href":"https:\/\/scinawa.pl\/index.php\/wp-json\/wp\/v2\/posts\/24510\/revisions\/24515"}],"wp:featuredmedia":[{"embeddable":true,"href":"https:\/\/scinawa.pl\/index.php\/wp-json\/wp\/v2\/media\/24514"}],"wp:attachment":[{"href":"https:\/\/scinawa.pl\/index.php\/wp-json\/wp\/v2\/media?parent=24510"}],"wp:term":[{"taxonomy":"category","embeddable":true,"href":"https:\/\/scinawa.pl\/index.php\/wp-json\/wp\/v2\/categories?post=24510"},{"taxonomy":"post_tag","embeddable":true,"href":"https:\/\/scinawa.pl\/index.php\/wp-json\/wp\/v2\/tags?post=24510"}],"curies":[{"name":"wp","href":"https:\/\/api.w.org\/{rel}","templated":true}]}}