{"id":24486,"date":"2021-06-24T12:04:04","date_gmt":"2021-06-24T10:04:04","guid":{"rendered":"http:\/\/nowa.scinawa.pl\/?p=24486"},"modified":"2021-06-24T12:30:54","modified_gmt":"2021-06-24T10:30:54","slug":"ctik-i-palacyk-z-wakacyjnymi-ofertami","status":"publish","type":"post","link":"https:\/\/scinawa.pl\/index.php\/2021\/06\/24\/ctik-i-palacyk-z-wakacyjnymi-ofertami\/","title":{"rendered":"CTiK i \u201ePa\u0142acyk\u201d z wakacyjnymi ofertami"},"content":{"rendered":"<p align=\"justify\"><strong>Centrum Turystyki i Kultury w \u015acinawie oraz Szkolne Schronisko M\u0142odzie\u017cowe \u201ePa\u0142acyk\u201d zapraszaj\u0105 dzieci i m\u0142odzie\u017c do udzia\u0142u w Tygodniach Frajdy i p\u00f3\u0142koloniach. Wakacyjna oferta CTiK obejmie r\u00f3wnie\u017c organizacj\u0119 bezp\u0142atnych zaj\u0119\u0107 dla najm\u0142odszych! Na najm\u0142odszych czeka bogata oferta ciekawych zaj\u0119\u0107, gwarancja dobrej zabawy, mo\u017cliwo\u015b\u0107 zdobycia nowych do\u015bwiadcze\u0144 i przyjaci\u00f3\u0142 oraz zdrowe i smaczne posi\u0142ki. W imieniu organizator\u00f3w \u2013 zapraszamy, zapisy trwaj\u0105.<\/strong><\/p>\n<p align=\"justify\"><strong>Wakacje w CTiK<\/strong><br \/>\n<strong>TYDZIE\u0143 FRAJDY<\/strong><br \/>\nZaj\u0119cia dla dzieci w wieku 6-12 lat, zaj\u0119cia od poniedzia\u0142ku do pi\u0105tku w godzinach 7:30-15:30.<br \/>\n&#8211; W ramach Letniej Frajdy zagwarantujemy pociechom zdrowe przek\u0105ski i pyszne posi\u0142ki obiadowe, przygotowane przez lokaln\u0105 restauracj\u0119 Du\u017co Dobrego. Na uczestnik\u00f3w czeka wiele dobrego r\u00f3wnie\u017c za spraw\u0105 wszystkich atrakcji. Zaplanowali\u015bmy sporo zaj\u0119\u0107 ruchowych, warsztat\u00f3w artystycznych, spotkania z ciekawymi go\u015b\u0107mi, wsp\u00f3lne wyjazdy. Gwarantujemy 8 godzin dobrej zabawy i oczywi\u015bcie opieki \u2013 m\u00f3wi Anna Podbucka, dyrektor CTiK.<br \/>\nZapisy prowadzone s\u0105 w sekretariacie plac\u00f3wki oraz za po\u015brednictwem poczty elektronicznej: sekretariat@ctik.scinawa.pl. Wi\u0119cej informacji pod numerem telefonu: (76)8457917. Koszt tygodniowego turnusu to 250 z\u0142otych. Ilo\u015b\u0107 miejsc ograniczona.<\/p>\n<p>Spotkania z:<br \/>\n&#8211; policjantami z KPP Lubin;<br \/>\n&#8211; stra\u017cakami z OSP \u015acinawa;<br \/>\n&#8211; ratownikami medycznymi;<br \/>\n&#8211; le\u015bniczym.<\/p>\n<p>Wycieczki do:<br \/>\n&#8211; Regionalny O\u015brodka Edukacji Ekologicznej w Dziewinie;<br \/>\n&#8211; Wioska bociana w Nied\u017awiedzicach \u2013 Quest + warsztaty;<br \/>\n&#8211; Stadion Zag\u0142\u0119bia w Lubinie;<br \/>\n&#8211; rejs po Odrze (w przypadku niskiego) poziomu wody inna atrakcja;<br \/>\n&#8211; wizyta u alpak i warsztaty r\u0119kodzielnicze.<\/p>\n<p>Codziennie warsztaty:<br \/>\n&#8211; artystyczne;<br \/>\n&#8211; zaj\u0119cia z terapii r\u0119ki;<br \/>\n&#8211; kulinarne i pogadanki na temat zdrowego jedzenia;<br \/>\n&#8211; fotograficzne;<br \/>\n&#8211; florystyczne;<br \/>\n&#8211; zaj\u0119cia ruchowe z Akademi\u0105 Ta\u0144ca i Ruchu &#8211; Street Flow Damian Kluka.<\/p>\n<p><a href=\"http:\/\/nowa.scinawa.pl\/wp-content\/uploads\/2021\/06\/199658409_4333947276636753_2220816175217220272_n.jpg\"><img decoding=\"async\" loading=\"lazy\" class=\"aligncenter size-full wp-image-24488\" src=\"http:\/\/nowa.scinawa.pl\/wp-content\/uploads\/2021\/06\/199658409_4333947276636753_2220816175217220272_n.jpg\" alt=\"\" width=\"1448\" height=\"2048\" srcset=\"https:\/\/scinawa.pl\/wp-content\/uploads\/2021\/06\/199658409_4333947276636753_2220816175217220272_n.jpg 1448w, https:\/\/scinawa.pl\/wp-content\/uploads\/2021\/06\/199658409_4333947276636753_2220816175217220272_n-212x300.jpg 212w, https:\/\/scinawa.pl\/wp-content\/uploads\/2021\/06\/199658409_4333947276636753_2220816175217220272_n-724x1024.jpg 724w, https:\/\/scinawa.pl\/wp-content\/uploads\/2021\/06\/199658409_4333947276636753_2220816175217220272_n-768x1086.jpg 768w, https:\/\/scinawa.pl\/wp-content\/uploads\/2021\/06\/199658409_4333947276636753_2220816175217220272_n-1086x1536.jpg 1086w, https:\/\/scinawa.pl\/wp-content\/uploads\/2021\/06\/199658409_4333947276636753_2220816175217220272_n-17x24.jpg 17w, https:\/\/scinawa.pl\/wp-content\/uploads\/2021\/06\/199658409_4333947276636753_2220816175217220272_n-25x36.jpg 25w, https:\/\/scinawa.pl\/wp-content\/uploads\/2021\/06\/199658409_4333947276636753_2220816175217220272_n-34x48.jpg 34w\" sizes=\"(max-width: 1448px) 100vw, 1448px\" \/><\/a><\/p>\n<p><strong>WAKACJE W MIE\u015aCIE<\/strong><br \/>\nBezp\u0142atne zaj\u0119cia dla dzieci, warsztaty, turnieje, wycieczki do ROEE w Dziewinie. Harmonogram na plakacie:<\/p>\n<p><a href=\"http:\/\/nowa.scinawa.pl\/wp-content\/uploads\/2021\/06\/202717043_4359318340766313_1768896503405418505_n.jpg\"><img decoding=\"async\" loading=\"lazy\" class=\"aligncenter size-full wp-image-24489\" src=\"http:\/\/nowa.scinawa.pl\/wp-content\/uploads\/2021\/06\/202717043_4359318340766313_1768896503405418505_n.jpg\" alt=\"\" width=\"1240\" height=\"1754\" srcset=\"https:\/\/scinawa.pl\/wp-content\/uploads\/2021\/06\/202717043_4359318340766313_1768896503405418505_n.jpg 1240w, https:\/\/scinawa.pl\/wp-content\/uploads\/2021\/06\/202717043_4359318340766313_1768896503405418505_n-212x300.jpg 212w, https:\/\/scinawa.pl\/wp-content\/uploads\/2021\/06\/202717043_4359318340766313_1768896503405418505_n-724x1024.jpg 724w, https:\/\/scinawa.pl\/wp-content\/uploads\/2021\/06\/202717043_4359318340766313_1768896503405418505_n-768x1086.jpg 768w, https:\/\/scinawa.pl\/wp-content\/uploads\/2021\/06\/202717043_4359318340766313_1768896503405418505_n-1086x1536.jpg 1086w, https:\/\/scinawa.pl\/wp-content\/uploads\/2021\/06\/202717043_4359318340766313_1768896503405418505_n-17x24.jpg 17w, https:\/\/scinawa.pl\/wp-content\/uploads\/2021\/06\/202717043_4359318340766313_1768896503405418505_n-25x36.jpg 25w, https:\/\/scinawa.pl\/wp-content\/uploads\/2021\/06\/202717043_4359318340766313_1768896503405418505_n-34x48.jpg 34w\" sizes=\"(max-width: 1240px) 100vw, 1240px\" \/><\/a><\/p>\n<p align=\"justify\"><strong>Wakacje w SSM \u201ePa\u0142acyk\u201d<\/strong><br \/>\nDwa tygodniowe turnusy p\u00f3\u0142kolonii dla dzieci od 6. roku \u017cycia, zaj\u0119cia od poniedzia\u0142ku do pi\u0105tku w godzinach: 8:00 \u2013 16:00.<br \/>\nOrganizatorzy gwarantuj\u0105 nie tylko \u015bwietn\u0105 zabaw\u0119 i opiek\u0119 wykwalifikowanej kadry, ale r\u00f3wnie\u017c warsztaty, zaj\u0119cia ruchowe oraz posi\u0142ki.<\/p>\n<p>W programie p\u00f3\u0142kolonii mi\u0119dzy innymi:<br \/>\n&#8211; warsztaty artystyczne;<br \/>\n-zawody sportowe;<br \/>\n&#8211; zaj\u0119cia taneczne;<br \/>\n&#8211; wyjazd do ROEE;<br \/>\n&#8211; rejs szkut\u0105 \u201e\u0141\u0119gowa Dama\u201d;<br \/>\n&#8211; wsp\u00f3lne ognisko;<br \/>\n&#8211; wyj\u015bcie na basen \u201eWodnik\u201d;<br \/>\n&#8211; animacje, zabawy konkursy.<\/p>\n<p align=\"justify\">Zg\u0142oszenia przyjmowane wy\u0142\u0105cznie poczt\u0105 elektroniczn\u0105: palacyk@scinawa.pl. Koszt tygodniowego turnusu to 290 z\u0142otych.<\/p>\n<p align=\"justify\"><a href=\"http:\/\/nowa.scinawa.pl\/wp-content\/uploads\/2021\/06\/200373117_1218731365234027_434702808083734402_n.jpg\"><img decoding=\"async\" loading=\"lazy\" class=\"aligncenter size-full wp-image-24490\" src=\"http:\/\/nowa.scinawa.pl\/wp-content\/uploads\/2021\/06\/200373117_1218731365234027_434702808083734402_n.jpg\" alt=\"\" width=\"1447\" height=\"2048\" srcset=\"https:\/\/scinawa.pl\/wp-content\/uploads\/2021\/06\/200373117_1218731365234027_434702808083734402_n.jpg 1447w, https:\/\/scinawa.pl\/wp-content\/uploads\/2021\/06\/200373117_1218731365234027_434702808083734402_n-212x300.jpg 212w, https:\/\/scinawa.pl\/wp-content\/uploads\/2021\/06\/200373117_1218731365234027_434702808083734402_n-724x1024.jpg 724w, https:\/\/scinawa.pl\/wp-content\/uploads\/2021\/06\/200373117_1218731365234027_434702808083734402_n-768x1087.jpg 768w, https:\/\/scinawa.pl\/wp-content\/uploads\/2021\/06\/200373117_1218731365234027_434702808083734402_n-1085x1536.jpg 1085w, https:\/\/scinawa.pl\/wp-content\/uploads\/2021\/06\/200373117_1218731365234027_434702808083734402_n-17x24.jpg 17w, https:\/\/scinawa.pl\/wp-content\/uploads\/2021\/06\/200373117_1218731365234027_434702808083734402_n-25x36.jpg 25w, https:\/\/scinawa.pl\/wp-content\/uploads\/2021\/06\/200373117_1218731365234027_434702808083734402_n-34x48.jpg 34w\" sizes=\"(max-width: 1447px) 100vw, 1447px\" \/><\/a><\/p>\n","protected":false},"excerpt":{"rendered":"<p>Centrum Turystyki i Kultury w \u015acinawie oraz Szkolne Schronisko M\u0142odzie\u017cowe \u201ePa\u0142acyk\u201d zapraszaj\u0105 dzieci i m\u0142odzie\u017c do udzia\u0142u w Tygodniach Frajdy<\/p>\n","protected":false},"author":3,"featured_media":24491,"comment_status":"open","ping_status":"open","sticky":false,"template":"","format":"standard","meta":{"ngg_post_thumbnail":0},"categories":[12,3],"tags":[285,1193],"_links":{"self":[{"href":"https:\/\/scinawa.pl\/index.php\/wp-json\/wp\/v2\/posts\/24486"}],"collection":[{"href":"https:\/\/scinawa.pl\/index.php\/wp-json\/wp\/v2\/posts"}],"about":[{"href":"https:\/\/scinawa.pl\/index.php\/wp-json\/wp\/v2\/types\/post"}],"author":[{"embeddable":true,"href":"https:\/\/scinawa.pl\/index.php\/wp-json\/wp\/v2\/users\/3"}],"replies":[{"embeddable":true,"href":"https:\/\/scinawa.pl\/index.php\/wp-json\/wp\/v2\/comments?post=24486"}],"version-history":[{"count":5,"href":"https:\/\/scinawa.pl\/index.php\/wp-json\/wp\/v2\/posts\/24486\/revisions"}],"predecessor-version":[{"id":24495,"href":"https:\/\/scinawa.pl\/index.php\/wp-json\/wp\/v2\/posts\/24486\/revisions\/24495"}],"wp:featuredmedia":[{"embeddable":true,"href":"https:\/\/scinawa.pl\/index.php\/wp-json\/wp\/v2\/media\/24491"}],"wp:attachment":[{"href":"https:\/\/scinawa.pl\/index.php\/wp-json\/wp\/v2\/media?parent=24486"}],"wp:term":[{"taxonomy":"category","embeddable":true,"href":"https:\/\/scinawa.pl\/index.php\/wp-json\/wp\/v2\/categories?post=24486"},{"taxonomy":"post_tag","embeddable":true,"href":"https:\/\/scinawa.pl\/index.php\/wp-json\/wp\/v2\/tags?post=24486"}],"curies":[{"name":"wp","href":"https:\/\/api.w.org\/{rel}","templated":true}]}}