{"id":24005,"date":"2021-04-16T13:57:03","date_gmt":"2021-04-16T11:57:03","guid":{"rendered":"http:\/\/nowa.scinawa.pl\/?p=24005"},"modified":"2021-04-22T14:01:21","modified_gmt":"2021-04-22T12:01:21","slug":"proekologiczna-inicjatywa-i-konkurs-z-okazji-dnia-ziemi","status":"publish","type":"post","link":"https:\/\/scinawa.pl\/index.php\/2021\/04\/16\/proekologiczna-inicjatywa-i-konkurs-z-okazji-dnia-ziemi\/","title":{"rendered":"Proekologiczna inicjatywa i konkurs z okazji Dnia Ziemi"},"content":{"rendered":"<p align=\"justify\"><strong>Zapraszamy do udzia\u0142y w ekologicznej akcji i konkursie fotograficznym z okazji Dnia Ziemi, kt\u00f3ry przypada na 22 kwietnia. Inicjatyw\u0119 organizuj\u0105: Szkolne Schronisko M\u0142odzie\u017cowe \u201ePa\u0142acyk\u201d, Regionalny O\u015brodek Edukacji Ekologicznej w Dziewinie, Stowarzyszenie Aktywnie dla Gminy \u015acinawa oraz Zak\u0142ad Gospodarki Komunalnej w \u015acinawie! Honorowy patronat nad wydarzeniem obj\u0105\u0142 burmistrz \u015acinawy. Akcja zwi\u0105zana jest ze sprz\u0105taniem, na naszym terenie jest wiele miejsc, niekoniecznie b\u0119d\u0105cych w\u0142asno\u015bci\u0105 gminy, kt\u00f3re za\u015bmiecane s\u0105 przez nieodpowiedzialne i nie dbaj\u0105ce o \u015brodowisko osoby.<\/strong><\/p>\n<p align=\"justify\">\u2013 Zapraszamy wszystkie dzieci i m\u0142odzie\u017c do wzi\u0119cia udzia\u0142u w naszej akcji wiosennych porz\u0105dk\u00f3w. Zapro\u015bcie do udzia\u0142u rodzic\u00f3w czy opiekun\u00f3w i dajcie dobry przyk\u0142ad. Jeste\u015bmy przekonani, \u017ce mo\u017cna na Was liczy\u0107! Udokumentujcie fotograficznie ekologiczn\u0105 aktywno\u015b\u0107 i wygrajcie nagrody! \u2013 zach\u0119ca wsp\u00f3\u0142organizator akcji Kamila Grabka-Levin.<\/p>\n<p align=\"justify\">22 kwietnia setki milion\u00f3w ludzi na ca\u0142ym \u015bwiecie b\u0119dzie \u015bwi\u0119towa\u0107 Dzie\u0144 Ziemi, najwa\u017cniejsze, najbardziej znane i najhuczniej obchodzone ze \u015bwi\u0105t ekologicznych. Idea troski o niebiesk\u0105 planet\u0119 \u0142\u0105czy ludzi niezale\u017cnie od narodowo\u015bci, wyznania, zawodu, wieku czy innych kategorii r\u00f3\u017cnicuj\u0105cych.<\/p>\n<p align=\"justify\">Cho\u0107 wirus uniemo\u017cliwia spotykanie si\u0119 w wi\u0119kszych grupach, Szkolne Schronisko M\u0142odzie\u017cowe &#8222;Pa\u0142acyk&#8221; w \u015acinawie, we wsp\u00f3\u0142pracy z Regionalnym O\u015brodkiem Edukacji Ekologicznej w Dziewinie, Stowarzyszeniem Aktywnie dla Gminy \u015acinawa, Zak\u0142adem Gospodarki Komunalnej w \u015acinawie oraz Stowarzyszeniem \u201eKraina \u0141\u0119g\u00f3w Odrza\u0144skich\u201d zaprasza do akcji ma\u0142ych i du\u017cych, wszystkie spaceruj\u0105ce rodziny i osoby indywidualne. Co zrobi\u0107? To proste!<\/p>\n<p align=\"justify\"><a href=\"http:\/\/nowa.scinawa.pl\/wp-content\/uploads\/2021\/04\/173894514_1178026039304560_4262773368081121714_n.png\"><img decoding=\"async\" loading=\"lazy\" class=\"aligncenter size-full wp-image-24006\" src=\"http:\/\/nowa.scinawa.pl\/wp-content\/uploads\/2021\/04\/173894514_1178026039304560_4262773368081121714_n.png\" alt=\"\" width=\"940\" height=\"788\" srcset=\"https:\/\/scinawa.pl\/wp-content\/uploads\/2021\/04\/173894514_1178026039304560_4262773368081121714_n.png 940w, https:\/\/scinawa.pl\/wp-content\/uploads\/2021\/04\/173894514_1178026039304560_4262773368081121714_n-300x251.png 300w, https:\/\/scinawa.pl\/wp-content\/uploads\/2021\/04\/173894514_1178026039304560_4262773368081121714_n-768x644.png 768w, https:\/\/scinawa.pl\/wp-content\/uploads\/2021\/04\/173894514_1178026039304560_4262773368081121714_n-24x20.png 24w, https:\/\/scinawa.pl\/wp-content\/uploads\/2021\/04\/173894514_1178026039304560_4262773368081121714_n-36x30.png 36w, https:\/\/scinawa.pl\/wp-content\/uploads\/2021\/04\/173894514_1178026039304560_4262773368081121714_n-48x40.png 48w\" sizes=\"(max-width: 940px) 100vw, 940px\" \/><\/a><\/p>\n<p align=\"justify\">Wystarczy zabra\u0107 na spacer worek na odpady (za taki mo\u017ce pos\u0142u\u017cy\u0107 r\u00f3wnie\u017c zwyk\u0142a reklam\u00f3wka) i po wype\u0142nieniu \u015bmieciami wrzuci\u0107 do podstawionych przez ZGK specjalnie na t\u0119 ekologiczn\u0105 akcj\u0119 kontener\u00f3w.<br \/>\nOd czwartku 22 kwietnia przez kolejne trzy dni na uczestnik\u00f3w akcji, czeka\u0107 b\u0119d\u0105 pojemniki na odpady zmieszane w nast\u0119puj\u0105cych lokalizacjach:<br \/>\n\u2022 przy banerze, nieopodal sklepu meblowego, na zakr\u0119cie przy zbiegu ulicy Mickiewicza i Wo\u0142owskiej w \u015acinawie;<br \/>\n\u2022 w \u015bcinawskim porcie na nabrze\u017cu Odry.<\/p>\n<p align=\"justify\">Uwaga: dzi\u0119ki Zak\u0142adowi Gospodarki Komunalnej w \u015acinawie ka\u017cdy uczestnik akcji mo\u017ce otrzyma\u0107 r\u0119kawiczki oraz worki na \u015bmieci. Zestawy b\u0119d\u0105 do odbioru w siedzibie organizatora, tj. w Szkolnym Schronisku M\u0142odzie\u017cowym \u201ePa\u0142acyk\u201d w \u015acinawie przy ulicy Jana Paw\u0142a II 17, ju\u017c od wtorku 20 kwietnia (w godzinach 8:00-18:00).<\/p>\n<p align=\"justify\">Cho\u0107 wydaje si\u0119 to niewielkim gestem, to ju\u017c 4-osobowa rodzina w czasie codziennych spacer\u00f3w mo\u017ce zebra\u0107 kilkana\u015bcie kilogram\u00f3w odpad\u00f3w!<\/p>\n<p align=\"justify\">Wszyscy, kt\u00f3rzy wezm\u0105 udzia\u0142 w akcji maj\u0105 szans\u0119 zawalczy\u0107 o nagrody w konkursie zorganizowanym specjalnie na t\u0119 okazj\u0119. W regulaminie zamieszczonym poni\u017cej dok\u0142adnie opisane jest co trzeba zrobi\u0107. Na wszystkich autor\u00f3w zdj\u0119\u0107, kt\u00f3re opublikujecie na Waszych profilach FB, czeka\u0107 b\u0119d\u0105 pami\u0105tkowe dyplomy, a dla 5 autor\u00f3w zdj\u0119\u0107 z najwy\u017csz\u0105 ilo\u015bci\u0105 polubie\u0144 organizatorzy przewidzieli nagrody specjalne.<br \/>\nTereny nadodrza\u0144skie to przyrodniczo atrakcyjne tereny, na kt\u00f3rych znajduj\u0105 si\u0119 siedliska wielu gatunk\u00f3w ro\u015blin i zwierz\u0105t, ale to jedynie propozycja miejsca, kt\u00f3re mo\u017cna posprz\u0105ta\u0107. Tylko od Was zale\u017cy, kt\u00f3re miejsce prawdziwie &#8222;odetchnie&#8221; na wiosn\u0119.<\/p>\n<p align=\"justify\">Uczestnicy akcji powinni stosowa\u0107 si\u0119 do wytycznych G\u0142\u00f3wnego Inspektora Sanitarnego oraz Ministra Zdrowia. Sprz\u0105tanie nale\u017cy przeprowadza\u0107 w niewielkich grupach z zachowaniem odpowiedniego dystansu oraz unika\u0107 wi\u0119kszych zgromadze\u0144.<\/p>\n<p align=\"justify\">Zach\u0119camy r\u00f3wnie\u017c wszystkich mieszka\u0144c\u00f3w Gminy \u015acinawa do wiosennych porz\u0105dk\u00f3w, jednocze\u015bnie przypominamy, \u017ce lokalny samorz\u0105d mo\u017ce zleca\u0107 porz\u0105dkowanie dzia\u0142ek, kt\u00f3rych jest w\u0142a\u015bcicielem. Wiele teren\u00f3w, \u0142\u0105k, las\u00f3w, nieu\u017cytk\u00f3w, czy nawet pas\u00f3w dr\u00f3g w obr\u0119bie miasta i gminy, to w\u0142asno\u015bci zarz\u0105dzane przez inne podmioty, publiczne, b\u0105d\u017a prywatne. Tylko w samej \u015acinawie mamy np. drogi, za kt\u00f3re odpowiada albo gmina, albo powiat, tak\u017ce wojew\u00f3dztwo, czy zarz\u0105dca krajowy jakim jest GDDKiA. S\u0105 te\u017c tereny sp\u00f3\u0142dzielni mieszkaniowych, Krajowego O\u015brodka Wsparcia Rolnictwa, Las\u00f3w Pa\u0144stwowych, W\u00f3d Polski itd.<\/p>\n<p align=\"justify\">DO\u0141\u0104CZ I TY! POM\u00d3\u017b W PROMOCJI AKCJI \u2013 UDOST\u0118PNIJ NA SWOIM FB.<\/p>\n<p align=\"justify\">Regulamin ekologicznego konkursu fotograficznego- <a href=\"http:\/\/nowa.scinawa.pl\/wp-content\/uploads\/2021\/04\/tekst-akcja-do-edycji-1.pdf\">do pobrania<\/a>.<\/p>\n","protected":false},"excerpt":{"rendered":"<p>Zapraszamy do udzia\u0142y w ekologicznej akcji i konkursie fotograficznym z okazji Dnia Ziemi, kt\u00f3ry przypada na 22 kwietnia. Inicjatyw\u0119 organizuj\u0105:<\/p>\n","protected":false},"author":3,"featured_media":24010,"comment_status":"open","ping_status":"open","sticky":false,"template":"","format":"standard","meta":{"ngg_post_thumbnail":0},"categories":[12,3],"tags":[],"_links":{"self":[{"href":"https:\/\/scinawa.pl\/index.php\/wp-json\/wp\/v2\/posts\/24005"}],"collection":[{"href":"https:\/\/scinawa.pl\/index.php\/wp-json\/wp\/v2\/posts"}],"about":[{"href":"https:\/\/scinawa.pl\/index.php\/wp-json\/wp\/v2\/types\/post"}],"author":[{"embeddable":true,"href":"https:\/\/scinawa.pl\/index.php\/wp-json\/wp\/v2\/users\/3"}],"replies":[{"embeddable":true,"href":"https:\/\/scinawa.pl\/index.php\/wp-json\/wp\/v2\/comments?post=24005"}],"version-history":[{"count":1,"href":"https:\/\/scinawa.pl\/index.php\/wp-json\/wp\/v2\/posts\/24005\/revisions"}],"predecessor-version":[{"id":24009,"href":"https:\/\/scinawa.pl\/index.php\/wp-json\/wp\/v2\/posts\/24005\/revisions\/24009"}],"wp:featuredmedia":[{"embeddable":true,"href":"https:\/\/scinawa.pl\/index.php\/wp-json\/wp\/v2\/media\/24010"}],"wp:attachment":[{"href":"https:\/\/scinawa.pl\/index.php\/wp-json\/wp\/v2\/media?parent=24005"}],"wp:term":[{"taxonomy":"category","embeddable":true,"href":"https:\/\/scinawa.pl\/index.php\/wp-json\/wp\/v2\/categories?post=24005"},{"taxonomy":"post_tag","embeddable":true,"href":"https:\/\/scinawa.pl\/index.php\/wp-json\/wp\/v2\/tags?post=24005"}],"curies":[{"name":"wp","href":"https:\/\/api.w.org\/{rel}","templated":true}]}}