{"id":23932,"date":"2021-04-02T13:00:41","date_gmt":"2021-04-02T11:00:41","guid":{"rendered":"http:\/\/nowa.scinawa.pl\/?p=23932"},"modified":"2021-04-02T10:52:16","modified_gmt":"2021-04-02T08:52:16","slug":"16-rocznica-smierci-papieza-jana-pawla-ii","status":"publish","type":"post","link":"https:\/\/scinawa.pl\/index.php\/2021\/04\/02\/16-rocznica-smierci-papieza-jana-pawla-ii\/","title":{"rendered":"16. rocznica \u015bmierci papie\u017ca Jana Paw\u0142a II"},"content":{"rendered":"<p align=\"justify\"><strong>Dzi\u015b przypada kolejna rocznica \u015bmierci Jana Paw\u0142a II. Papie\u017c zmar\u0142 2 kwietnia 2005 r. w wieku 84 lat. By\u0142 jedn\u0105 z najbardziej wp\u0142ywowych os\u00f3b prze\u0142omu wiek\u00f3w, kt\u00f3ra bez wytchnienia pracowa\u0142a nad budow\u0105 fundamentu moralnego dla wsp\u00f3\u0142czesnego \u015bwiata. Papie\u017ca Polaka beatyfikowano 1 maja 2011 roku, kanonizowano &#8211; 27 kwietnia 2014 roku.<\/strong><\/p>\n","protected":false},"excerpt":{"rendered":"<p>Dzi\u015b przypada kolejna rocznica \u015bmierci Jana Paw\u0142a II. Papie\u017c zmar\u0142 2 kwietnia 2005 r. w wieku 84 lat. By\u0142 jedn\u0105<\/p>\n","protected":false},"author":3,"featured_media":23933,"comment_status":"open","ping_status":"open","sticky":false,"template":"","format":"standard","meta":{"ngg_post_thumbnail":0},"categories":[12,3],"tags":[674,1031,578],"_links":{"self":[{"href":"https:\/\/scinawa.pl\/index.php\/wp-json\/wp\/v2\/posts\/23932"}],"collection":[{"href":"https:\/\/scinawa.pl\/index.php\/wp-json\/wp\/v2\/posts"}],"about":[{"href":"https:\/\/scinawa.pl\/index.php\/wp-json\/wp\/v2\/types\/post"}],"author":[{"embeddable":true,"href":"https:\/\/scinawa.pl\/index.php\/wp-json\/wp\/v2\/users\/3"}],"replies":[{"embeddable":true,"href":"https:\/\/scinawa.pl\/index.php\/wp-json\/wp\/v2\/comments?post=23932"}],"version-history":[{"count":1,"href":"https:\/\/scinawa.pl\/index.php\/wp-json\/wp\/v2\/posts\/23932\/revisions"}],"predecessor-version":[{"id":23934,"href":"https:\/\/scinawa.pl\/index.php\/wp-json\/wp\/v2\/posts\/23932\/revisions\/23934"}],"wp:featuredmedia":[{"embeddable":true,"href":"https:\/\/scinawa.pl\/index.php\/wp-json\/wp\/v2\/media\/23933"}],"wp:attachment":[{"href":"https:\/\/scinawa.pl\/index.php\/wp-json\/wp\/v2\/media?parent=23932"}],"wp:term":[{"taxonomy":"category","embeddable":true,"href":"https:\/\/scinawa.pl\/index.php\/wp-json\/wp\/v2\/categories?post=23932"},{"taxonomy":"post_tag","embeddable":true,"href":"https:\/\/scinawa.pl\/index.php\/wp-json\/wp\/v2\/tags?post=23932"}],"curies":[{"name":"wp","href":"https:\/\/api.w.org\/{rel}","templated":true}]}}