{"id":23928,"date":"2021-04-02T11:00:19","date_gmt":"2021-04-02T09:00:19","guid":{"rendered":"http:\/\/nowa.scinawa.pl\/?p=23928"},"modified":"2021-04-02T08:57:12","modified_gmt":"2021-04-02T06:57:12","slug":"swiatowy-dzien-swiadomosci-autyzmu-2","status":"publish","type":"post","link":"https:\/\/scinawa.pl\/index.php\/2021\/04\/02\/swiatowy-dzien-swiadomosci-autyzmu-2\/","title":{"rendered":"\u015awiatowy Dzie\u0144 \u015awiadomo\u015bci Autyzmu"},"content":{"rendered":"<p align=\"justify\"><strong>Dzi\u015b (2 kwietnia) przypada \u015awiatowy Dzie\u0144 \u015awiadomo\u015bci Autyzmu, w zwi\u0105zku z czym wi\u0119cej uwagi po\u015bwi\u0119camy ludziom, kt\u00f3rzy zmagaj\u0105 si\u0119 z tym zaburzeniem rozwojowym o pod\u0142o\u017cu neurologicznym. Jako spo\u0142ecze\u0144stwo ci\u0105gle budujemy nasz\u0105 \u015bwiadomo\u015b\u0107 o potrzebach os\u00f3b dotkni\u0119tych autyzmem, uczymy stwarza\u0107 si\u0119 im warunki do nauki i rozwoju. Gmina \u015acinawa, na znak solidarno\u015bci z osobami, kt\u00f3re zmagaj\u0105 si\u0119 z autyzmem, tradycyjnie ju\u017c pod\u015bwietli dzi\u015b wieczorem ratusz na niebiesko.<\/strong><\/p>\n","protected":false},"excerpt":{"rendered":"<p>Dzi\u015b (2 kwietnia) przypada \u015awiatowy Dzie\u0144 \u015awiadomo\u015bci Autyzmu, w zwi\u0105zku z czym wi\u0119cej uwagi po\u015bwi\u0119camy ludziom, kt\u00f3rzy zmagaj\u0105 si\u0119 z<\/p>\n","protected":false},"author":3,"featured_media":23929,"comment_status":"open","ping_status":"open","sticky":false,"template":"","format":"standard","meta":{"ngg_post_thumbnail":0},"categories":[12,3],"tags":[1254,1028],"_links":{"self":[{"href":"https:\/\/scinawa.pl\/index.php\/wp-json\/wp\/v2\/posts\/23928"}],"collection":[{"href":"https:\/\/scinawa.pl\/index.php\/wp-json\/wp\/v2\/posts"}],"about":[{"href":"https:\/\/scinawa.pl\/index.php\/wp-json\/wp\/v2\/types\/post"}],"author":[{"embeddable":true,"href":"https:\/\/scinawa.pl\/index.php\/wp-json\/wp\/v2\/users\/3"}],"replies":[{"embeddable":true,"href":"https:\/\/scinawa.pl\/index.php\/wp-json\/wp\/v2\/comments?post=23928"}],"version-history":[{"count":1,"href":"https:\/\/scinawa.pl\/index.php\/wp-json\/wp\/v2\/posts\/23928\/revisions"}],"predecessor-version":[{"id":23930,"href":"https:\/\/scinawa.pl\/index.php\/wp-json\/wp\/v2\/posts\/23928\/revisions\/23930"}],"wp:featuredmedia":[{"embeddable":true,"href":"https:\/\/scinawa.pl\/index.php\/wp-json\/wp\/v2\/media\/23929"}],"wp:attachment":[{"href":"https:\/\/scinawa.pl\/index.php\/wp-json\/wp\/v2\/media?parent=23928"}],"wp:term":[{"taxonomy":"category","embeddable":true,"href":"https:\/\/scinawa.pl\/index.php\/wp-json\/wp\/v2\/categories?post=23928"},{"taxonomy":"post_tag","embeddable":true,"href":"https:\/\/scinawa.pl\/index.php\/wp-json\/wp\/v2\/tags?post=23928"}],"curies":[{"name":"wp","href":"https:\/\/api.w.org\/{rel}","templated":true}]}}