{"id":23785,"date":"2021-03-08T08:19:46","date_gmt":"2021-03-08T07:19:46","guid":{"rendered":"http:\/\/nowa.scinawa.pl\/?p=23785"},"modified":"2021-03-08T08:27:22","modified_gmt":"2021-03-08T07:27:22","slug":"nizsze-ligi-rozpoczely-pilkarska-wiosne","status":"publish","type":"post","link":"https:\/\/scinawa.pl\/index.php\/2021\/03\/08\/nizsze-ligi-rozpoczely-pilkarska-wiosne\/","title":{"rendered":"Ni\u017csze ligi rozpocz\u0119\u0142y pi\u0142karsk\u0105 wiosn\u0119"},"content":{"rendered":"<p align=\"justify\"><strong>Pi\u0142karze z gminy \u015acinawa zainaugurowali rund\u0119 wiosenn\u0105. W czwartej lidze Odra-Total \u015acinawa zremisowa\u0142a na wyje\u017adzie z Konfeksem Legnica (1-1). W klasie okr\u0119gowej Grom Gromadzy\u0144-Wielowie\u015b podzieli\u0142 si\u0119 punktami z Zametem Przemk\u00f3w (1:1). Z kolei w A-klasie Czarni Dziewin rund\u0119 rewan\u017cow\u0105 zainaugurowali remisem z Wilkami R\u00f3\u017cana (2:2) a Sparta Parszowice rozbi\u0142a T\u0119cz\u0119 Kwietno (5:0).<\/strong><\/p>\n<p><strong>IV liga<\/strong><br \/>\n<em><strong>Odra-Total \u015acinawa: 19 mecz\u00f3w, 28 punkt\u00f3w, 7. pozycja<\/strong><\/em><\/p>\n<p><strong>Konfeks Legnica 1 \u2013 1 Odra-Total \u015acinawa<\/strong><br \/>\nDa\u0144czak 9\u2019 \u2013 Kulikowski 62\u2019 (samob\u00f3jcza)<\/p>\n<p><strong>Klasa okr\u0119gowa<\/strong><br \/>\n<em><strong>Grom Gromadzy\u0144-Wielowie\u015b: 16 mecz\u00f3w, 5 punkt\u00f3w, 16. Pozycja<\/strong><\/em><\/p>\n<p><strong>Zamet Przemk\u00f3w 1 \u2013 1 Grom Gromadzy\u0144-Wielowie\u015b<\/strong><br \/>\nSyku\u0142a 21\u2019 \u2013 Tondos 67\u2019<\/p>\n<p><strong>A-klasa<\/strong><br \/>\n<em><strong>Czarni Dziewin: 16 mecz\u00f3w, 32 punkty, 3. Pozycja<\/strong><\/em><\/p>\n<p><strong>Czarni 2 \u2013 2 Wilki R\u00f3\u017cana<\/strong><br \/>\nTrawka 34\u2019, Moroch 58\u2019 \u2013 Rajczykiewicz (dwie) 8\u2019, 80\u2019<\/p>\n<p><em><strong>Sparta Parszowice: 16 mecz\u00f3w, 31 punkt\u00f3w, 5. Pozycja<\/strong><\/em><\/p>\n<p><strong>Sparta Parszowice 5 \u2013 0 T\u0119cza Kwietno<\/strong><br \/>\nWielg\u00f3rka (trzy) 14\u2019, 32\u2019, 45\u2019+2, Z\u00f3\u0142tkowski 38\u2019, Gonet 41\u2019<\/p>\n<p>Foto: pilkarska-scinawa.pl<\/p>\n","protected":false},"excerpt":{"rendered":"<p>Pi\u0142karze z gminy \u015acinawa zainaugurowali rund\u0119 wiosenn\u0105. W czwartej lidze Odra-Total \u015acinawa zremisowa\u0142a na wyje\u017adzie z Konfeksem Legnica (1-1). W<\/p>\n","protected":false},"author":3,"featured_media":23786,"comment_status":"open","ping_status":"open","sticky":false,"template":"","format":"standard","meta":{"ngg_post_thumbnail":0},"categories":[12,15],"tags":[65,82,112,66],"_links":{"self":[{"href":"https:\/\/scinawa.pl\/index.php\/wp-json\/wp\/v2\/posts\/23785"}],"collection":[{"href":"https:\/\/scinawa.pl\/index.php\/wp-json\/wp\/v2\/posts"}],"about":[{"href":"https:\/\/scinawa.pl\/index.php\/wp-json\/wp\/v2\/types\/post"}],"author":[{"embeddable":true,"href":"https:\/\/scinawa.pl\/index.php\/wp-json\/wp\/v2\/users\/3"}],"replies":[{"embeddable":true,"href":"https:\/\/scinawa.pl\/index.php\/wp-json\/wp\/v2\/comments?post=23785"}],"version-history":[{"count":3,"href":"https:\/\/scinawa.pl\/index.php\/wp-json\/wp\/v2\/posts\/23785\/revisions"}],"predecessor-version":[{"id":23789,"href":"https:\/\/scinawa.pl\/index.php\/wp-json\/wp\/v2\/posts\/23785\/revisions\/23789"}],"wp:featuredmedia":[{"embeddable":true,"href":"https:\/\/scinawa.pl\/index.php\/wp-json\/wp\/v2\/media\/23786"}],"wp:attachment":[{"href":"https:\/\/scinawa.pl\/index.php\/wp-json\/wp\/v2\/media?parent=23785"}],"wp:term":[{"taxonomy":"category","embeddable":true,"href":"https:\/\/scinawa.pl\/index.php\/wp-json\/wp\/v2\/categories?post=23785"},{"taxonomy":"post_tag","embeddable":true,"href":"https:\/\/scinawa.pl\/index.php\/wp-json\/wp\/v2\/tags?post=23785"}],"curies":[{"name":"wp","href":"https:\/\/api.w.org\/{rel}","templated":true}]}}