{"id":23632,"date":"2021-02-04T12:00:05","date_gmt":"2021-02-04T11:00:05","guid":{"rendered":"http:\/\/nowa.scinawa.pl\/?p=23632"},"modified":"2021-02-04T12:12:12","modified_gmt":"2021-02-04T11:12:12","slug":"ruszaja-zapisy-do-przedszkola-i-klasy-pierwszej-2","status":"publish","type":"post","link":"https:\/\/scinawa.pl\/index.php\/2021\/02\/04\/ruszaja-zapisy-do-przedszkola-i-klasy-pierwszej-2\/","title":{"rendered":"Ruszaj\u0105 zapisy do przedszkola i klasy pierwszej"},"content":{"rendered":"<p align=\"justify\"><strong>Niebawem rozpoczynaj\u0105 si\u0119 procedury rekrutacyjne do przedszkola oraz oddzia\u0142\u00f3w przedszkolnych i klas pierwszych szk\u00f3\u0142 podstawowych, prowadzonych przez Gmin\u0119 \u015acinawa w roku szkolnym 2021\/2022. Zach\u0119camy do zapoznania si\u0119 z obowi\u0105zuj\u0105cymi terminami post\u0119powania rekrutacyjnego.<\/strong><\/p>\n<p align=\"justify\"><a href=\"http:\/\/nowa.scinawa.pl\/wp-content\/uploads\/2021\/02\/Zarz\u0105dzenie-rekrutacja-za\u0142\u0105cznik-1_page-0001-1.jpg\"><img decoding=\"async\" loading=\"lazy\" class=\"aligncenter size-full wp-image-23635\" src=\"http:\/\/nowa.scinawa.pl\/wp-content\/uploads\/2021\/02\/Zarz\u0105dzenie-rekrutacja-za\u0142\u0105cznik-1_page-0001-1.jpg\" alt=\"\" width=\"1237\" height=\"1355\" srcset=\"https:\/\/scinawa.pl\/wp-content\/uploads\/2021\/02\/Zarz\u0105dzenie-rekrutacja-za\u0142\u0105cznik-1_page-0001-1.jpg 1237w, https:\/\/scinawa.pl\/wp-content\/uploads\/2021\/02\/Zarz\u0105dzenie-rekrutacja-za\u0142\u0105cznik-1_page-0001-1-274x300.jpg 274w, https:\/\/scinawa.pl\/wp-content\/uploads\/2021\/02\/Zarz\u0105dzenie-rekrutacja-za\u0142\u0105cznik-1_page-0001-1-935x1024.jpg 935w, https:\/\/scinawa.pl\/wp-content\/uploads\/2021\/02\/Zarz\u0105dzenie-rekrutacja-za\u0142\u0105cznik-1_page-0001-1-768x841.jpg 768w, https:\/\/scinawa.pl\/wp-content\/uploads\/2021\/02\/Zarz\u0105dzenie-rekrutacja-za\u0142\u0105cznik-1_page-0001-1-22x24.jpg 22w, https:\/\/scinawa.pl\/wp-content\/uploads\/2021\/02\/Zarz\u0105dzenie-rekrutacja-za\u0142\u0105cznik-1_page-0001-1-33x36.jpg 33w, https:\/\/scinawa.pl\/wp-content\/uploads\/2021\/02\/Zarz\u0105dzenie-rekrutacja-za\u0142\u0105cznik-1_page-0001-1-44x48.jpg 44w\" sizes=\"(max-width: 1237px) 100vw, 1237px\" \/><\/a><a href=\"http:\/\/nowa.scinawa.pl\/wp-content\/uploads\/2021\/02\/Zarz\u0105dzenie-rekrutacja-za\u0142\u0105cznik-2_page-0001-1.jpg\"><img decoding=\"async\" loading=\"lazy\" class=\"aligncenter size-full wp-image-23637\" src=\"http:\/\/nowa.scinawa.pl\/wp-content\/uploads\/2021\/02\/Zarz\u0105dzenie-rekrutacja-za\u0142\u0105cznik-2_page-0001-1.jpg\" alt=\"\" width=\"1241\" height=\"1120\" srcset=\"https:\/\/scinawa.pl\/wp-content\/uploads\/2021\/02\/Zarz\u0105dzenie-rekrutacja-za\u0142\u0105cznik-2_page-0001-1.jpg 1241w, https:\/\/scinawa.pl\/wp-content\/uploads\/2021\/02\/Zarz\u0105dzenie-rekrutacja-za\u0142\u0105cznik-2_page-0001-1-300x271.jpg 300w, https:\/\/scinawa.pl\/wp-content\/uploads\/2021\/02\/Zarz\u0105dzenie-rekrutacja-za\u0142\u0105cznik-2_page-0001-1-1024x924.jpg 1024w, https:\/\/scinawa.pl\/wp-content\/uploads\/2021\/02\/Zarz\u0105dzenie-rekrutacja-za\u0142\u0105cznik-2_page-0001-1-768x693.jpg 768w, https:\/\/scinawa.pl\/wp-content\/uploads\/2021\/02\/Zarz\u0105dzenie-rekrutacja-za\u0142\u0105cznik-2_page-0001-1-24x22.jpg 24w, https:\/\/scinawa.pl\/wp-content\/uploads\/2021\/02\/Zarz\u0105dzenie-rekrutacja-za\u0142\u0105cznik-2_page-0001-1-36x32.jpg 36w, https:\/\/scinawa.pl\/wp-content\/uploads\/2021\/02\/Zarz\u0105dzenie-rekrutacja-za\u0142\u0105cznik-2_page-0001-1-48x43.jpg 48w\" sizes=\"(max-width: 1241px) 100vw, 1241px\" \/><\/a><\/p>\n<p align=\"justify\"><strong>Harmonogram czynno\u015bci oraz kryteria rekrutacji w post\u0119powaniu rekrutacyjnym i post\u0119powaniu uzupe\u0142niaj\u0105cym na rok szkolny 2021\/2022 do plac\u00f3wek o\u015bwiatowych, dla kt\u00f3rych organem prowadz\u0105cym jest Gmina \u015acinawa okre\u015blaj\u0105:<\/strong><br \/>\n<a href=\"http:\/\/nowa.scinawa.pl\/wp-content\/uploads\/2021\/02\/20210203142051661.pdf\">ZARZ\u0104DZENIE NR G\/11\/2021 BURMISTRZA \u015aCINAWY z dnia 19 stycznia 2021 r. w sprawie ustalenia harmonogramu czynno\u015bci w post\u0119powaniu rekrutacyjnym oraz post\u0119powaniu uzupe\u0142niaj\u0105cym na rok szkolny 2021\/2022 do przedszkoli, oddzia\u0142\u00f3w przedszkolnych w szko\u0142ach podstawowych i klas I szk\u00f3\u0142 podstawowych, dla kt\u00f3rych organem prowadz\u0105cym jest Gmina \u015acinawa<\/a><br \/>\n<a href=\"http:\/\/nowa.scinawa.pl\/wp-content\/uploads\/2019\/02\/akt1.pdf\">UCHWA\u0141A NR XXXVII\/237\/17 RADY MIEJSKIEJ W \u015aCINAWIE z dnia 30 marca 2017 r. w sprawie uchwalenia kryteri\u00f3w rekrutacji do publicznego przedszkola, oddzia\u0142\u00f3w przedszkolnych przy szko\u0142ach podstawowych oraz do pierwszych klas publicznych szk\u00f3\u0142 podstawowych na terenie gminy \u015acinawa og\u0142oszona w Dz. Urz. Woj. Doln. dnia 05.04.2017 r. poz.1659.<\/a><\/p>\n<p>Szczeg\u00f3\u0142owe informacje dotycz\u0105ce przeprowadzanej rekrutacji mo\u017cna uzyska\u0107 na stronach internetowych poszczeg\u00f3lnych plac\u00f3wek lub bezpo\u015brednio w sekretariacie wybranej szko\u0142y.<\/p>\n<p align=\"justify\">Dokumenty do pobrania dost\u0119pne:<br \/>\nZesp\u00f3\u0142 Szkolno-Przedszkolny w \u015acinawie: <a href=\"https:\/\/zspscinawa.szkolna.net\/rekrutacja-2021-2022\/klasy-pierwsze\">klasa pierwsza<\/a>, <a href=\"https:\/\/zspscinawa.szkolna.net\/rekrutacja-2021-2022\/oddzialy-przedszkolne\">oddzia\u0142y przedszkolne<\/a>, <a href=\"https:\/\/zspscinawa.szkolna.net\/rekrutacja-2021-1\">przedszkole<\/a>;<br \/>\nSzko\u0142a Podstawowa w Tymowej: <a href=\"http:\/\/nowa.scinawa.pl\/wp-content\/uploads\/2021\/02\/Wniosek-o-przyjecie-dziecka-do-klasy-i.pdf\">klasa pierwsza<\/a>, <a href=\"http:\/\/nowa.scinawa.pl\/wp-content\/uploads\/2021\/02\/Karta-zg\u0142oszenia-dziecka-do-oddzia\u0142u-przedszkolnego.pdf\">oddzia\u0142 przedszkolny<\/a>.<\/p>\n","protected":false},"excerpt":{"rendered":"<p>Niebawem rozpoczynaj\u0105 si\u0119 procedury rekrutacyjne do przedszkola oraz oddzia\u0142\u00f3w przedszkolnych i klas pierwszych szk\u00f3\u0142 podstawowych, prowadzonych przez Gmin\u0119 \u015acinawa w<\/p>\n","protected":false},"author":3,"featured_media":23644,"comment_status":"open","ping_status":"open","sticky":false,"template":"","format":"standard","meta":{"ngg_post_thumbnail":0},"categories":[12],"tags":[303,447,1231],"_links":{"self":[{"href":"https:\/\/scinawa.pl\/index.php\/wp-json\/wp\/v2\/posts\/23632"}],"collection":[{"href":"https:\/\/scinawa.pl\/index.php\/wp-json\/wp\/v2\/posts"}],"about":[{"href":"https:\/\/scinawa.pl\/index.php\/wp-json\/wp\/v2\/types\/post"}],"author":[{"embeddable":true,"href":"https:\/\/scinawa.pl\/index.php\/wp-json\/wp\/v2\/users\/3"}],"replies":[{"embeddable":true,"href":"https:\/\/scinawa.pl\/index.php\/wp-json\/wp\/v2\/comments?post=23632"}],"version-history":[{"count":7,"href":"https:\/\/scinawa.pl\/index.php\/wp-json\/wp\/v2\/posts\/23632\/revisions"}],"predecessor-version":[{"id":23664,"href":"https:\/\/scinawa.pl\/index.php\/wp-json\/wp\/v2\/posts\/23632\/revisions\/23664"}],"wp:featuredmedia":[{"embeddable":true,"href":"https:\/\/scinawa.pl\/index.php\/wp-json\/wp\/v2\/media\/23644"}],"wp:attachment":[{"href":"https:\/\/scinawa.pl\/index.php\/wp-json\/wp\/v2\/media?parent=23632"}],"wp:term":[{"taxonomy":"category","embeddable":true,"href":"https:\/\/scinawa.pl\/index.php\/wp-json\/wp\/v2\/categories?post=23632"},{"taxonomy":"post_tag","embeddable":true,"href":"https:\/\/scinawa.pl\/index.php\/wp-json\/wp\/v2\/tags?post=23632"}],"curies":[{"name":"wp","href":"https:\/\/api.w.org\/{rel}","templated":true}]}}