{"id":23588,"date":"2021-01-29T12:00:46","date_gmt":"2021-01-29T11:00:46","guid":{"rendered":"http:\/\/nowa.scinawa.pl\/?p=23588"},"modified":"2021-01-29T10:56:20","modified_gmt":"2021-01-29T09:56:20","slug":"glosujemy-na-najpopularniejszych-w-sporcie-w-2020-roku","status":"publish","type":"post","link":"https:\/\/scinawa.pl\/index.php\/2021\/01\/29\/glosujemy-na-najpopularniejszych-w-sporcie-w-2020-roku\/","title":{"rendered":"G\u0142osujemy na najpopularniejszych w sporcie w 2020 roku!"},"content":{"rendered":"<p align=\"justify\"><strong>Przypominamy, \u017ce trwa plebiscyt na najpopularniejszych: zawodnika i trenera roku 2020 w Zag\u0142\u0119biu Miedziowym. Na \u0142amach portalu e-legnickie.pl czytelnicy wska\u017c\u0105 tak\u017ce najpopularniejszych: zawodnika, trenera pi\u0142karskich ni\u017cszych lig oraz dzia\u0142acza, bo amatorska pi\u0142ka no\u017cna w naszym regionie cieszy si\u0119 olbrzymim zainteresowaniem. Tradycyjnie swoich wyr\u00f3\u017cnionych reprezentant\u00f3w w plebiscycie ma r\u00f3wnie\u017c gmina \u015acinawa, tym bardziej zach\u0119camy do g\u0142osowania: <a href=\"https:\/\/e-legnickie.pl\/plebiscyt\">https:\/\/e-legnickie.pl\/plebiscyt<\/a>.<\/strong><\/p>\n<p align=\"justify\">W gronie wyr\u00f3\u017cnionych sportowc\u00f3w znalaz\u0142 si\u0119 oczywi\u015bcie Artur Trubicki \u2013 wielokrotny mistrza \u015bwiata w karate. Cho\u0107 obecnie spe\u0142nia si\u0119 r\u00f3wnie\u017c jako trener, to ci\u0105gle odnosi spektakularne sukcesy jako czynny sportowiec i z powodzeniem promuje swoj\u0105 dyscyplin\u0119 nie tylko w \u015acinawie, ale te\u017c Wi\u0144sku i Lubinie.<\/p>\n<p align=\"justify\"><a href=\"http:\/\/nowa.scinawa.pl\/wp-content\/uploads\/2021\/01\/23157275_10156039408143258_3492874285705480086_o.jpg\"><img decoding=\"async\" loading=\"lazy\" class=\"aligncenter size-full wp-image-23464\" src=\"http:\/\/nowa.scinawa.pl\/wp-content\/uploads\/2021\/01\/23157275_10156039408143258_3492874285705480086_o.jpg\" alt=\"\" width=\"1351\" height=\"1351\" srcset=\"https:\/\/scinawa.pl\/wp-content\/uploads\/2021\/01\/23157275_10156039408143258_3492874285705480086_o.jpg 1351w, https:\/\/scinawa.pl\/wp-content\/uploads\/2021\/01\/23157275_10156039408143258_3492874285705480086_o-300x300.jpg 300w, https:\/\/scinawa.pl\/wp-content\/uploads\/2021\/01\/23157275_10156039408143258_3492874285705480086_o-1024x1024.jpg 1024w, https:\/\/scinawa.pl\/wp-content\/uploads\/2021\/01\/23157275_10156039408143258_3492874285705480086_o-150x150.jpg 150w, https:\/\/scinawa.pl\/wp-content\/uploads\/2021\/01\/23157275_10156039408143258_3492874285705480086_o-768x768.jpg 768w, https:\/\/scinawa.pl\/wp-content\/uploads\/2021\/01\/23157275_10156039408143258_3492874285705480086_o-24x24.jpg 24w, https:\/\/scinawa.pl\/wp-content\/uploads\/2021\/01\/23157275_10156039408143258_3492874285705480086_o-36x36.jpg 36w, https:\/\/scinawa.pl\/wp-content\/uploads\/2021\/01\/23157275_10156039408143258_3492874285705480086_o-48x48.jpg 48w\" sizes=\"(max-width: 1351px) 100vw, 1351px\" \/><\/a><\/p>\n<p align=\"justify\">Organizatorzy docenili te\u017c sportow\u0105 klas\u0119 Patryka D\u0142ugosza, zawodnika czwartoligowej Odry-Total \u015acinawa. D\u0142ugosz zdobywa wa\u017cne gole i notuje asysty, to bez w\u0105tpienia jeden z lider\u00f3w zespo\u0142u prowadzonego przez Tomasza Wo\u0142ocha.<\/p>\n<p align=\"justify\"><a href=\"http:\/\/nowa.scinawa.pl\/wp-content\/uploads\/2021\/01\/Patryk-D\u0142ugosz.jpg\"><img decoding=\"async\" loading=\"lazy\" class=\"aligncenter size-full wp-image-23465\" src=\"http:\/\/nowa.scinawa.pl\/wp-content\/uploads\/2021\/01\/Patryk-D\u0142ugosz.jpg\" alt=\"\" width=\"1438\" height=\"1080\" srcset=\"https:\/\/scinawa.pl\/wp-content\/uploads\/2021\/01\/Patryk-D\u0142ugosz.jpg 1438w, https:\/\/scinawa.pl\/wp-content\/uploads\/2021\/01\/Patryk-D\u0142ugosz-300x225.jpg 300w, https:\/\/scinawa.pl\/wp-content\/uploads\/2021\/01\/Patryk-D\u0142ugosz-1024x769.jpg 1024w, https:\/\/scinawa.pl\/wp-content\/uploads\/2021\/01\/Patryk-D\u0142ugosz-768x577.jpg 768w, https:\/\/scinawa.pl\/wp-content\/uploads\/2021\/01\/Patryk-D\u0142ugosz-24x18.jpg 24w, https:\/\/scinawa.pl\/wp-content\/uploads\/2021\/01\/Patryk-D\u0142ugosz-36x27.jpg 36w, https:\/\/scinawa.pl\/wp-content\/uploads\/2021\/01\/Patryk-D\u0142ugosz-48x36.jpg 48w\" sizes=\"(max-width: 1438px) 100vw, 1438px\" \/><\/a><\/p>\n<p align=\"justify\">Na nominacj\u0119 zas\u0142u\u017cy\u0142 zawodnik A-klasowych Czarnych Dziewin \u2013 Szymon Trawka. Najskuteczniejszy strzelec w swojej grupie jesieni\u0105 zdoby\u0142 24 gole.<\/p>\n<p align=\"justify\"><a href=\"http:\/\/nowa.scinawa.pl\/wp-content\/uploads\/2021\/01\/576621_492191214182694_1657083268_n.jpg\"><img decoding=\"async\" loading=\"lazy\" class=\"aligncenter size-full wp-image-23468\" src=\"http:\/\/nowa.scinawa.pl\/wp-content\/uploads\/2021\/01\/576621_492191214182694_1657083268_n.jpg\" alt=\"\" width=\"907\" height=\"680\" srcset=\"https:\/\/scinawa.pl\/wp-content\/uploads\/2021\/01\/576621_492191214182694_1657083268_n.jpg 907w, https:\/\/scinawa.pl\/wp-content\/uploads\/2021\/01\/576621_492191214182694_1657083268_n-300x225.jpg 300w, https:\/\/scinawa.pl\/wp-content\/uploads\/2021\/01\/576621_492191214182694_1657083268_n-768x576.jpg 768w, https:\/\/scinawa.pl\/wp-content\/uploads\/2021\/01\/576621_492191214182694_1657083268_n-24x18.jpg 24w, https:\/\/scinawa.pl\/wp-content\/uploads\/2021\/01\/576621_492191214182694_1657083268_n-36x27.jpg 36w, https:\/\/scinawa.pl\/wp-content\/uploads\/2021\/01\/576621_492191214182694_1657083268_n-48x36.jpg 48w\" sizes=\"(max-width: 907px) 100vw, 907px\" \/><\/a><\/p>\n<p align=\"justify\">W gronie trener\u00f3w z ni\u017cszych lig pi\u0142karskich nie mog\u0142o zabrakn\u0105\u0107 wieloletniego szkoleniowca Odry-Total \u015acinawa: Tomasza Wo\u0142ocha, kt\u00f3ry sukcesywnie rozwija dru\u017cyn\u0119.<\/p>\n<p align=\"justify\"><a href=\"http:\/\/nowa.scinawa.pl\/wp-content\/uploads\/2021\/01\/Tomasz-Wo\u0142och.jpg\"><img decoding=\"async\" loading=\"lazy\" class=\"aligncenter size-full wp-image-23466\" src=\"http:\/\/nowa.scinawa.pl\/wp-content\/uploads\/2021\/01\/Tomasz-Wo\u0142och.jpg\" alt=\"\" width=\"1438\" height=\"1080\" srcset=\"https:\/\/scinawa.pl\/wp-content\/uploads\/2021\/01\/Tomasz-Wo\u0142och.jpg 1438w, https:\/\/scinawa.pl\/wp-content\/uploads\/2021\/01\/Tomasz-Wo\u0142och-300x225.jpg 300w, https:\/\/scinawa.pl\/wp-content\/uploads\/2021\/01\/Tomasz-Wo\u0142och-1024x769.jpg 1024w, https:\/\/scinawa.pl\/wp-content\/uploads\/2021\/01\/Tomasz-Wo\u0142och-768x577.jpg 768w, https:\/\/scinawa.pl\/wp-content\/uploads\/2021\/01\/Tomasz-Wo\u0142och-24x18.jpg 24w, https:\/\/scinawa.pl\/wp-content\/uploads\/2021\/01\/Tomasz-Wo\u0142och-36x27.jpg 36w, https:\/\/scinawa.pl\/wp-content\/uploads\/2021\/01\/Tomasz-Wo\u0142och-48x36.jpg 48w\" sizes=\"(max-width: 1438px) 100vw, 1438px\" \/><\/a><\/p>\n<p align=\"justify\">W gronie dzia\u0142aczy organizatorzy plebiscytu docenili charyzmatycznego prezesa Odry-Total \u015acinawa Jacka Wo\u0142ocha, kt\u00f3ry dba o organizacj\u0119 mecz\u00f3w oraz logistyk\u0119 zwi\u0105zan\u0105 z udzia\u0142em w rozgrywkach.<\/p>\n<p align=\"justify\"><a href=\"http:\/\/nowa.scinawa.pl\/wp-content\/uploads\/2021\/01\/Jacek-Wo\u0142och.jpg\"><img decoding=\"async\" loading=\"lazy\" class=\"aligncenter size-full wp-image-23462\" src=\"http:\/\/nowa.scinawa.pl\/wp-content\/uploads\/2021\/01\/Jacek-Wo\u0142och.jpg\" alt=\"\" width=\"1440\" height=\"1080\" srcset=\"https:\/\/scinawa.pl\/wp-content\/uploads\/2021\/01\/Jacek-Wo\u0142och.jpg 1440w, https:\/\/scinawa.pl\/wp-content\/uploads\/2021\/01\/Jacek-Wo\u0142och-300x225.jpg 300w, https:\/\/scinawa.pl\/wp-content\/uploads\/2021\/01\/Jacek-Wo\u0142och-1024x768.jpg 1024w, https:\/\/scinawa.pl\/wp-content\/uploads\/2021\/01\/Jacek-Wo\u0142och-768x576.jpg 768w, https:\/\/scinawa.pl\/wp-content\/uploads\/2021\/01\/Jacek-Wo\u0142och-24x18.jpg 24w, https:\/\/scinawa.pl\/wp-content\/uploads\/2021\/01\/Jacek-Wo\u0142och-36x27.jpg 36w, https:\/\/scinawa.pl\/wp-content\/uploads\/2021\/01\/Jacek-Wo\u0142och-48x36.jpg 48w\" sizes=\"(max-width: 1440px) 100vw, 1440px\" \/><\/a><\/p>\n<p align=\"justify\">Doceniony zosta\u0142 tak\u017ce prezes, a w przesz\u0142o\u015bci zawodnik i jeden z za\u0142o\u017cycieli Sparty Parszowice \u2013 Wojciech Trawka.<\/p>\n<p align=\"justify\"><a href=\"http:\/\/nowa.scinawa.pl\/wp-content\/uploads\/2021\/01\/trawka.jpg\"><img decoding=\"async\" loading=\"lazy\" class=\"aligncenter size-full wp-image-23469\" src=\"http:\/\/nowa.scinawa.pl\/wp-content\/uploads\/2021\/01\/trawka.jpg\" alt=\"\" width=\"766\" height=\"430\" srcset=\"https:\/\/scinawa.pl\/wp-content\/uploads\/2021\/01\/trawka.jpg 766w, https:\/\/scinawa.pl\/wp-content\/uploads\/2021\/01\/trawka-300x168.jpg 300w, https:\/\/scinawa.pl\/wp-content\/uploads\/2021\/01\/trawka-24x13.jpg 24w, https:\/\/scinawa.pl\/wp-content\/uploads\/2021\/01\/trawka-36x20.jpg 36w, https:\/\/scinawa.pl\/wp-content\/uploads\/2021\/01\/trawka-48x27.jpg 48w\" sizes=\"(max-width: 766px) 100vw, 766px\" \/><\/a><\/p>\n","protected":false},"excerpt":{"rendered":"<p>Przypominamy, \u017ce trwa plebiscyt na najpopularniejszych: zawodnika i trenera roku 2020 w Zag\u0142\u0119biu Miedziowym. Na \u0142amach portalu e-legnickie.pl czytelnicy wska\u017c\u0105<\/p>\n","protected":false},"author":3,"featured_media":23589,"comment_status":"open","ping_status":"open","sticky":false,"template":"","format":"standard","meta":{"ngg_post_thumbnail":0},"categories":[12,15],"tags":[350,64],"_links":{"self":[{"href":"https:\/\/scinawa.pl\/index.php\/wp-json\/wp\/v2\/posts\/23588"}],"collection":[{"href":"https:\/\/scinawa.pl\/index.php\/wp-json\/wp\/v2\/posts"}],"about":[{"href":"https:\/\/scinawa.pl\/index.php\/wp-json\/wp\/v2\/types\/post"}],"author":[{"embeddable":true,"href":"https:\/\/scinawa.pl\/index.php\/wp-json\/wp\/v2\/users\/3"}],"replies":[{"embeddable":true,"href":"https:\/\/scinawa.pl\/index.php\/wp-json\/wp\/v2\/comments?post=23588"}],"version-history":[{"count":1,"href":"https:\/\/scinawa.pl\/index.php\/wp-json\/wp\/v2\/posts\/23588\/revisions"}],"predecessor-version":[{"id":23590,"href":"https:\/\/scinawa.pl\/index.php\/wp-json\/wp\/v2\/posts\/23588\/revisions\/23590"}],"wp:featuredmedia":[{"embeddable":true,"href":"https:\/\/scinawa.pl\/index.php\/wp-json\/wp\/v2\/media\/23589"}],"wp:attachment":[{"href":"https:\/\/scinawa.pl\/index.php\/wp-json\/wp\/v2\/media?parent=23588"}],"wp:term":[{"taxonomy":"category","embeddable":true,"href":"https:\/\/scinawa.pl\/index.php\/wp-json\/wp\/v2\/categories?post=23588"},{"taxonomy":"post_tag","embeddable":true,"href":"https:\/\/scinawa.pl\/index.php\/wp-json\/wp\/v2\/tags?post=23588"}],"curies":[{"name":"wp","href":"https:\/\/api.w.org\/{rel}","templated":true}]}}