{"id":23514,"date":"2021-01-15T08:29:50","date_gmt":"2021-01-15T07:29:50","guid":{"rendered":"http:\/\/nowa.scinawa.pl\/?p=23514"},"modified":"2021-01-15T08:33:20","modified_gmt":"2021-01-15T07:33:20","slug":"covid-19-ruszyla-infolinia-dla-osob-ktore-nie-moga-dotrzec-samodzielnie-na-szczepienie","status":"publish","type":"post","link":"https:\/\/scinawa.pl\/index.php\/2021\/01\/15\/covid-19-ruszyla-infolinia-dla-osob-ktore-nie-moga-dotrzec-samodzielnie-na-szczepienie\/","title":{"rendered":"COVID-19: Ruszy\u0142a infolinia dla os\u00f3b, kt\u00f3re nie mog\u0105 dotrze\u0107 samodzielnie na szczepienie"},"content":{"rendered":"<p align=\"justify\"><strong>Dzi\u015b, tj. w pi\u0105tek 15 stycznia 2021 roku, uruchomiony zosta\u0142 gminny telefon kontaktowy dla os\u00f3b niepe\u0142nosprawnych i senior\u00f3w, kt\u00f3rzy nie mog\u0105 samodzielnie dotrze\u0107 do punktu szczepie\u0144. Od teraz zg\u0142asza\u0107 si\u0119 mog\u0105 niepe\u0142nosprawni i osoby, kt\u00f3re uko\u0144czy\u0142y 80. rok \u017cycia, za tydzie\u0144 (od 22 stycznia) zarejestrowa\u0107 si\u0119 b\u0119d\u0105 mogli seniorzy powy\u017cej 70. roku \u017cycia. Wi\u0119cej informacji oraz rejestracja pod numerem telefonu: <span style=\"color: #ff0000;\">76 817 48 50, od poniedzia\u0142ku do pi\u0105tku w godz. od 8:00 do 15:00<\/span>.<\/strong><\/p>\n<p align=\"justify\"><strong>Transport przeznaczony jest dla os\u00f3b:<\/strong><br \/>\n\u2022 posiadaj\u0105cych aktualne orzeczenie o niepe\u0142nosprawno\u015bci w stopniu znacznym o kodzie R lub N lub odpowiednio I grup\u0119 z ww. schorzeniami;<br \/>\n\u2022 maj\u0105cych trudno\u015bci z dost\u0119pem do punktu szczepie\u0144 (np. osoby starsze niemaj\u0105ce mo\u017cliwo\u015bci samodzielnego dojazdu do punktu szczepie\u0144).<\/p>\n<p align=\"justify\">Zalecenie w tej sprawie wyda\u0142 Wojewoda Dolno\u015bl\u0105ski. Jego celem jest pomoc osobom z ograniczon\u0105 mobilno\u015bci\u0105 w zorganizowaniu transportu na szczepienie, w sytuacji gdy nie maj\u0105 one mo\u017cliwo\u015bci pojawienia si\u0119 w punkcie szczepie\u0144 we w\u0142asnym zakresie.<\/p>\n<p align=\"justify\">Wczoraj w Starostwie Powiatowym w Lubinie odby\u0142o si\u0119 spotkanie w sprawie organizacji szczepie\u0144, udzia\u0142 w nim wzi\u0119li: starosta Adam Myrda, komendant Pa\u0144stwowej Stra\u017cy Po\u017carnej w Lubinie bryg. Eryk G\u00f3rski, przedstawiciele gmin, pracownicy o\u015brodk\u00f3w pomocy spo\u0142ecznej, zawodowi stra\u017cacy i ochotnicy.<\/p>\n<p>Foto: Starostwo Powiatowe w Lubinie<\/p>\n","protected":false},"excerpt":{"rendered":"<p>Dzi\u015b, tj. w pi\u0105tek 15 stycznia 2021 roku, uruchomiony zosta\u0142 gminny telefon kontaktowy dla os\u00f3b niepe\u0142nosprawnych i senior\u00f3w, kt\u00f3rzy nie<\/p>\n","protected":false},"author":3,"featured_media":23515,"comment_status":"open","ping_status":"open","sticky":false,"template":"","format":"standard","meta":{"ngg_post_thumbnail":0},"categories":[12,3],"tags":[1374,186,814,1417],"_links":{"self":[{"href":"https:\/\/scinawa.pl\/index.php\/wp-json\/wp\/v2\/posts\/23514"}],"collection":[{"href":"https:\/\/scinawa.pl\/index.php\/wp-json\/wp\/v2\/posts"}],"about":[{"href":"https:\/\/scinawa.pl\/index.php\/wp-json\/wp\/v2\/types\/post"}],"author":[{"embeddable":true,"href":"https:\/\/scinawa.pl\/index.php\/wp-json\/wp\/v2\/users\/3"}],"replies":[{"embeddable":true,"href":"https:\/\/scinawa.pl\/index.php\/wp-json\/wp\/v2\/comments?post=23514"}],"version-history":[{"count":2,"href":"https:\/\/scinawa.pl\/index.php\/wp-json\/wp\/v2\/posts\/23514\/revisions"}],"predecessor-version":[{"id":23517,"href":"https:\/\/scinawa.pl\/index.php\/wp-json\/wp\/v2\/posts\/23514\/revisions\/23517"}],"wp:featuredmedia":[{"embeddable":true,"href":"https:\/\/scinawa.pl\/index.php\/wp-json\/wp\/v2\/media\/23515"}],"wp:attachment":[{"href":"https:\/\/scinawa.pl\/index.php\/wp-json\/wp\/v2\/media?parent=23514"}],"wp:term":[{"taxonomy":"category","embeddable":true,"href":"https:\/\/scinawa.pl\/index.php\/wp-json\/wp\/v2\/categories?post=23514"},{"taxonomy":"post_tag","embeddable":true,"href":"https:\/\/scinawa.pl\/index.php\/wp-json\/wp\/v2\/tags?post=23514"}],"curies":[{"name":"wp","href":"https:\/\/api.w.org\/{rel}","templated":true}]}}