{"id":23371,"date":"2020-12-18T14:43:42","date_gmt":"2020-12-18T13:43:42","guid":{"rendered":"http:\/\/nowa.scinawa.pl\/?p=23371"},"modified":"2020-12-18T15:46:01","modified_gmt":"2020-12-18T14:46:01","slug":"bedzie-remont-drogi-powiatowej-dzieslaw-olszany","status":"publish","type":"post","link":"https:\/\/scinawa.pl\/index.php\/2020\/12\/18\/bedzie-remont-drogi-powiatowej-dzieslaw-olszany\/","title":{"rendered":"B\u0119dzie remont drogi powiatowej Dzies\u0142aw-Olszany!"},"content":{"rendered":"<p align=\"justify\"><strong>Starostwo Powiatowe w Lubinie wybra\u0142o wykonawc\u0119 dla zadania pn. \u201e Remont drogi powiatowej nr 1211D od skrzy\u017cowania z drog\u0105 powiatow\u0105 1209D w kierunku Olszan\u201d. Najkorzystniejsz\u0105 ofert\u0119 w post\u0119powaniu przetargowym z\u0142o\u017cy\u0142a firma: Us\u0142ugi Remontowo Budowlane i Transport J\u00f3zef Michalik z Lubania, a zawarty 10 grudnia br. kontrakt opiewa na kwot\u0119 1.465.897,54 z\u0142. Odcinek przewidziany do remontu ma d\u0142ugo\u015b\u0107 2000 metr\u00f3w, wi\u0119ksza cz\u0119\u015b\u0107 (1270 m) le\u017cy na terenie gminy \u015acinawa, mniejsza (730 m) na terenie gminy Rudna. Powiat na inwestycj\u0119 otrzyma\u0142 blisko 1,2 mln z\u0142otych z Funduszu Dr\u00f3g Samorz\u0105dowych, co stanowi 80 % koszt\u00f3w zadnia.<\/strong><\/p>\n<p align=\"justify\">\u2013 Je\u015bli warunki pogodowe pozwol\u0105, to wykonawca rozpocznie prace ju\u017c w II po\u0142owie stycznia. Na razie firma rozwa\u017ca mo\u017cliwo\u015bci wylewania warstwy \u015bcieralnej na ca\u0142ej szeroko\u015bci jezdni, to wygodniejsze rozwi\u0105zanie, kt\u00f3re wi\u0105\u017ce si\u0119 jednak z wprowadzaniem czasowych objazd\u00f3w \u2013 t\u0142umaczy Tomasz Rosik, dyrektor Departamentu Infrastruktury i Transportu w Starostwie Powiatowym w Lubinie.<\/p>\n<p align=\"justify\"><strong>Remont drogi powiatowej swoim zakresem obejmuje nast\u0119puj\u0105ce dzia\u0142ania:<\/strong><br \/>\n&#8211; wykonanie \u015bcinki poboczy,<br \/>\n&#8211; czyszczenia row\u00f3w z wyprofilowaniem dna skarp,<br \/>\n&#8211; wycinki krzew\u00f3w,<br \/>\n&#8211; frezowania nawierzchni bitumicznej,<br \/>\n&#8211; wykonania podbudowy z kruszywa \u0142amanego,<br \/>\n&#8211; wykonania nawierzchni asfaltowej wi\u0105\u017c\u0105cej i \u015bcieralnej,<br \/>\n&#8211; wykonania oznakowania: poziomego i pionowego.<\/p>\n<p align=\"justify\">Wk\u0142ad w\u0142asny w \u0142\u0105cznie w kwocie blisko 300 tys. z\u0142 (20 % koszt\u00f3w zadania) b\u0119d\u0105 wsp\u00f3\u0142finansowa\u0142y: powiat lubi\u0144ski- 145 tys. z\u0142, gmina Rudna- 108 tys. z\u0142, gmina \u015acinawa- 40 tys. z\u0142.<\/p>\n<p align=\"justify\">\u2013  Po rozmowie ze starost\u0105 Adamem Myrd\u0105, zdecydowa\u0142em, \u017ce wesprzemy w tej inwestycji drogowej powiat lubi\u0144ski, kt\u00f3ry zmaga si\u0119 z trudn\u0105 sytuacj\u0105 finansow\u0105, spowodowan\u0105 miedzy innymi utrat\u0105 dochod\u00f3w przez trwaj\u0105c\u0105 pandemi\u0119 COVID-19,  starostwo chce jednak systematycznie poprawia\u0107 stan zarz\u0105dzanych przez siebie dr\u00f3g i co wa\u017cniejsze, wykorzysta\u0107 otrzyman\u0105 dotacj\u0119 rz\u0105dow\u0105. Adam Myrda zwr\u00f3ci\u0142 si\u0119 w tej sprawie z pro\u015bb\u0105 o pomoc \u2013 m\u00f3wi burmistrz Krystian Koszty\u0142a. \u2013 Dzi\u0119ki naszemu, stosunkowo niewielkiemu zaanga\u017cowaniu, mieszka\u0144cy i u\u017cytkownicy drogi b\u0119d\u0105 mogli ju\u017c nied\u0142ugo korzysta\u0107 z nowej jezdni na tym odcinku \u2013 dodaje burmistrz.<\/p>\n<p align=\"justify\">Zgodnie z zwart\u0105 umow\u0105 wykonawc\u0119 obowi\u0105zuje 90-dniowy termin realizacji zadania od daty podpisania kontraktu, tj. od 10 grudnia br., z wy\u0142\u0105czeniem okresu zimowego, czyli dni pomi\u0119dzy 23 grudnia, a 15 marca.<\/p>\n<p align=\"justify\"><a href=\"http:\/\/nowa.scinawa.pl\/wp-content\/uploads\/2020\/12\/cats.jpg\"><img decoding=\"async\" loading=\"lazy\" class=\"aligncenter size-full wp-image-23372\" src=\"http:\/\/nowa.scinawa.pl\/wp-content\/uploads\/2020\/12\/cats.jpg\" alt=\"\" width=\"1175\" height=\"873\" srcset=\"https:\/\/scinawa.pl\/wp-content\/uploads\/2020\/12\/cats.jpg 1175w, https:\/\/scinawa.pl\/wp-content\/uploads\/2020\/12\/cats-300x223.jpg 300w, https:\/\/scinawa.pl\/wp-content\/uploads\/2020\/12\/cats-1024x761.jpg 1024w, https:\/\/scinawa.pl\/wp-content\/uploads\/2020\/12\/cats-768x571.jpg 768w, https:\/\/scinawa.pl\/wp-content\/uploads\/2020\/12\/cats-24x18.jpg 24w, https:\/\/scinawa.pl\/wp-content\/uploads\/2020\/12\/cats-36x27.jpg 36w, https:\/\/scinawa.pl\/wp-content\/uploads\/2020\/12\/cats-48x36.jpg 48w\" sizes=\"(max-width: 1175px) 100vw, 1175px\" \/><\/a><\/p>\n","protected":false},"excerpt":{"rendered":"<p>Starostwo Powiatowe w Lubinie wybra\u0142o wykonawc\u0119 dla zadania pn. \u201e Remont drogi powiatowej nr 1211D od skrzy\u017cowania z drog\u0105 powiatow\u0105<\/p>\n","protected":false},"author":3,"featured_media":23372,"comment_status":"open","ping_status":"open","sticky":false,"template":"","format":"standard","meta":{"ngg_post_thumbnail":0},"categories":[12,3],"tags":[63,1004,1211,52],"_links":{"self":[{"href":"https:\/\/scinawa.pl\/index.php\/wp-json\/wp\/v2\/posts\/23371"}],"collection":[{"href":"https:\/\/scinawa.pl\/index.php\/wp-json\/wp\/v2\/posts"}],"about":[{"href":"https:\/\/scinawa.pl\/index.php\/wp-json\/wp\/v2\/types\/post"}],"author":[{"embeddable":true,"href":"https:\/\/scinawa.pl\/index.php\/wp-json\/wp\/v2\/users\/3"}],"replies":[{"embeddable":true,"href":"https:\/\/scinawa.pl\/index.php\/wp-json\/wp\/v2\/comments?post=23371"}],"version-history":[{"count":3,"href":"https:\/\/scinawa.pl\/index.php\/wp-json\/wp\/v2\/posts\/23371\/revisions"}],"predecessor-version":[{"id":23375,"href":"https:\/\/scinawa.pl\/index.php\/wp-json\/wp\/v2\/posts\/23371\/revisions\/23375"}],"wp:featuredmedia":[{"embeddable":true,"href":"https:\/\/scinawa.pl\/index.php\/wp-json\/wp\/v2\/media\/23372"}],"wp:attachment":[{"href":"https:\/\/scinawa.pl\/index.php\/wp-json\/wp\/v2\/media?parent=23371"}],"wp:term":[{"taxonomy":"category","embeddable":true,"href":"https:\/\/scinawa.pl\/index.php\/wp-json\/wp\/v2\/categories?post=23371"},{"taxonomy":"post_tag","embeddable":true,"href":"https:\/\/scinawa.pl\/index.php\/wp-json\/wp\/v2\/tags?post=23371"}],"curies":[{"name":"wp","href":"https:\/\/api.w.org\/{rel}","templated":true}]}}