{"id":23340,"date":"2020-12-14T12:45:24","date_gmt":"2020-12-14T11:45:24","guid":{"rendered":"http:\/\/nowa.scinawa.pl\/?p=23340"},"modified":"2020-12-14T12:45:36","modified_gmt":"2020-12-14T11:45:36","slug":"fundacja-zaprasza-do-udzialu-w-projekcie","status":"publish","type":"post","link":"https:\/\/scinawa.pl\/index.php\/2020\/12\/14\/fundacja-zaprasza-do-udzialu-w-projekcie\/","title":{"rendered":"Fundacja zaprasza do udzia\u0142u w projekcie"},"content":{"rendered":"<p align=\"justify\"><strong>Fundacja \u201ePrzysta\u0144\u201d w \u015acinawie zaprasza do udzia\u0142u w projekcie \u201eSpotkajmy si\u0119 przy wigilijnym stole\u201d. Inicjatywa potrwa do ko\u0144ca tego roku, obejmuje natomiast poprowadzenie grupowych i indywidualnych zaj\u0119\u0107 dla 30 os\u00f3b z niepe\u0142nosprawno\u015bciami , w tym os\u00f3b z autyzmem i z niepe\u0142nosprawno\u015bci\u0105 intelektualn\u0105 w r\u00f3\u017cnych \u015brodowiskach. Projekt jest skierowany do mieszka\u0144c\u00f3w powiat\u00f3w: lubi\u0144skiego, polkowickiego, legnickiego i jaworskiego.<\/strong><\/p>\n<p align=\"justify\">Poprzez udzia\u0142 w zaj\u0119ciach uczestnicy poznaj\u0105 polsk\u0105 kultur\u0119 oraz zwyczaje i tradycj\u0119 \u015bwi\u0105t Bo\u017cego Narodzenia . Zaj\u0119cia prowadzone b\u0119d\u0105 przez instruktor\u00f3w w 5 grupach : kulinarnej , r\u0119kodzie\u0142a artystycznego , witra\u017cy, ceramicznej oraz wyrobu kartek i bombek, podczas zaj\u0119\u0107 uczestnicy nab\u0119d\u0105 umiej\u0119tno\u015b\u0107 zorganizowania spotkania wigilijnego. W trakcie warsztat\u00f3w powstan\u0105 wigilijne potrawy, ciasta i desery oraz napoje . Ka\u017cdy z uczestnik\u00f3w samodzielnie wykona dla swoich bliskich prezent pod choink\u0119 i kartk\u0119 z \u017cyczeniami \u015bwi\u0105tecznymi. W ramach spotka\u0144 zorganizowane zostan\u0105 r\u00f3wnie\u017c warsztaty piernikowe oraz konkurs na najpi\u0119kniejsz\u0105 kartk\u0119 i bombk\u0119 bo\u017conarodzeniow\u0105. Wszyscy wezm\u0105 udzia\u0142 w zadaniu polegaj\u0105cym na strojeniu sto\u0142u wigilijnego i choinki oraz za\u015bpiewaj\u0105 polskie kol\u0119dy. Udzia\u0142 w projekcie zainspiruje osoby niepe\u0142nosprawne do tw\u00f3rczego w\u0142\u0105czenia si\u0119 w przygotowania i radosne prze\u017cywanie atmosfery \u015awi\u0105t Bo\u017cego Narodzenia i balu sylwestrowego. Spotkania grupowe i indywidualne wp\u0142yn\u0105 pozytywnie na podniesienie samooceny, zaradno\u015bci osobistej, rozwijania umiej\u0119tno\u015bci sprawnego komunikowania si\u0119 z otoczeniem uczestnik\u00f3w. Dodatkowo w ramach ca\u0142ego projektu odb\u0119d\u0105 si\u0119 warsztaty prowadzone przez pedagoga w zakresie zaradno\u015bci i zasad bezpiecze\u0144stwa w okresie epidemii koronowirusa . Projekt finansowany jest ze \u015brodk\u00f3w Pa\u0144stwowego Funduszu Rehabilitacji Os\u00f3b Niepe\u0142nosprawnych, przekazanych przez Wojew\u00f3dztwo Dolno\u015bl\u0105skie.<\/p>\n<p align=\"justify\"><a href=\"http:\/\/nowa.scinawa.pl\/wp-content\/uploads\/2020\/12\/plakat_wigilia_1-scaled.jpg\"><img decoding=\"async\" loading=\"lazy\" class=\"aligncenter size-full wp-image-23342\" src=\"http:\/\/nowa.scinawa.pl\/wp-content\/uploads\/2020\/12\/plakat_wigilia_1-scaled.jpg\" alt=\"\" width=\"1810\" height=\"2560\" srcset=\"https:\/\/scinawa.pl\/wp-content\/uploads\/2020\/12\/plakat_wigilia_1-scaled.jpg 1810w, https:\/\/scinawa.pl\/wp-content\/uploads\/2020\/12\/plakat_wigilia_1-212x300.jpg 212w, https:\/\/scinawa.pl\/wp-content\/uploads\/2020\/12\/plakat_wigilia_1-724x1024.jpg 724w, https:\/\/scinawa.pl\/wp-content\/uploads\/2020\/12\/plakat_wigilia_1-768x1086.jpg 768w, https:\/\/scinawa.pl\/wp-content\/uploads\/2020\/12\/plakat_wigilia_1-1086x1536.jpg 1086w, https:\/\/scinawa.pl\/wp-content\/uploads\/2020\/12\/plakat_wigilia_1-1448x2048.jpg 1448w, https:\/\/scinawa.pl\/wp-content\/uploads\/2020\/12\/plakat_wigilia_1-17x24.jpg 17w, https:\/\/scinawa.pl\/wp-content\/uploads\/2020\/12\/plakat_wigilia_1-25x36.jpg 25w, https:\/\/scinawa.pl\/wp-content\/uploads\/2020\/12\/plakat_wigilia_1-34x48.jpg 34w\" sizes=\"(max-width: 1810px) 100vw, 1810px\" \/><\/a><\/p>\n","protected":false},"excerpt":{"rendered":"<p>Fundacja \u201ePrzysta\u0144\u201d w \u015acinawie zaprasza do udzia\u0142u w projekcie \u201eSpotkajmy si\u0119 przy wigilijnym stole\u201d. Inicjatywa potrwa do ko\u0144ca tego roku,<\/p>\n","protected":false},"author":3,"featured_media":23343,"comment_status":"open","ping_status":"open","sticky":false,"template":"","format":"standard","meta":{"ngg_post_thumbnail":0},"categories":[12,3],"tags":[],"_links":{"self":[{"href":"https:\/\/scinawa.pl\/index.php\/wp-json\/wp\/v2\/posts\/23340"}],"collection":[{"href":"https:\/\/scinawa.pl\/index.php\/wp-json\/wp\/v2\/posts"}],"about":[{"href":"https:\/\/scinawa.pl\/index.php\/wp-json\/wp\/v2\/types\/post"}],"author":[{"embeddable":true,"href":"https:\/\/scinawa.pl\/index.php\/wp-json\/wp\/v2\/users\/3"}],"replies":[{"embeddable":true,"href":"https:\/\/scinawa.pl\/index.php\/wp-json\/wp\/v2\/comments?post=23340"}],"version-history":[{"count":3,"href":"https:\/\/scinawa.pl\/index.php\/wp-json\/wp\/v2\/posts\/23340\/revisions"}],"predecessor-version":[{"id":23345,"href":"https:\/\/scinawa.pl\/index.php\/wp-json\/wp\/v2\/posts\/23340\/revisions\/23345"}],"wp:featuredmedia":[{"embeddable":true,"href":"https:\/\/scinawa.pl\/index.php\/wp-json\/wp\/v2\/media\/23343"}],"wp:attachment":[{"href":"https:\/\/scinawa.pl\/index.php\/wp-json\/wp\/v2\/media?parent=23340"}],"wp:term":[{"taxonomy":"category","embeddable":true,"href":"https:\/\/scinawa.pl\/index.php\/wp-json\/wp\/v2\/categories?post=23340"},{"taxonomy":"post_tag","embeddable":true,"href":"https:\/\/scinawa.pl\/index.php\/wp-json\/wp\/v2\/tags?post=23340"}],"curies":[{"name":"wp","href":"https:\/\/api.w.org\/{rel}","templated":true}]}}