{"id":23142,"date":"2020-11-23T11:39:22","date_gmt":"2020-11-23T10:39:22","guid":{"rendered":"http:\/\/nowa.scinawa.pl\/?p=23142"},"modified":"2020-11-23T11:39:22","modified_gmt":"2020-11-23T10:39:22","slug":"powiatowy-festiwal-tworczosci-osob-z-niepelnosprawnosciami","status":"publish","type":"post","link":"https:\/\/scinawa.pl\/index.php\/2020\/11\/23\/powiatowy-festiwal-tworczosci-osob-z-niepelnosprawnosciami\/","title":{"rendered":"Powiatowy Festiwal Tw\u00f3rczo\u015bci Os\u00f3b z Niepe\u0142nosprawno\u015bciami"},"content":{"rendered":"<p align=\"justify\"><strong>Fundacja Przysta\u0144 w \u015acinawie zaprasza do udzia\u0142u w projekcie, w ramach kt\u00f3rego odb\u0119d\u0105 si\u0119 m.in. warsztaty: wyrobu bombki, choinki, r\u0119kodzie\u0142a, witra\u017cu oraz ceramiki. Uczestnicy wezm\u0105 udzia\u0142 w konkursie na najpi\u0119kniejsz\u0105 bombk\u0119 oraz choink\u0119, organizatorzy zaplanowali r\u00f3wnie\u017c spotkanie podsumowuj\u0105ce, po\u0142\u0105czone z wystaw\u0105 prac r\u0119kodzielniczych. Spotkanie rekrutacyjne zaplanowano na 24 listopada (jutro) o godzinie 14:00, w budynku fundacji pod adresem: ul. Kr\u00f3lowej Jadwigi 5 w \u015acinawie.<\/strong><\/p>\n<p align=\"justify\"><a href=\"http:\/\/nowa.scinawa.pl\/wp-content\/uploads\/2020\/11\/img-20201119-wa0002-1.jpg\"><img decoding=\"async\" loading=\"lazy\" class=\"aligncenter size-full wp-image-23143\" src=\"http:\/\/nowa.scinawa.pl\/wp-content\/uploads\/2020\/11\/img-20201119-wa0002-1.jpg\" alt=\"\" width=\"1131\" height=\"1600\" srcset=\"https:\/\/scinawa.pl\/wp-content\/uploads\/2020\/11\/img-20201119-wa0002-1.jpg 1131w, https:\/\/scinawa.pl\/wp-content\/uploads\/2020\/11\/img-20201119-wa0002-1-212x300.jpg 212w, https:\/\/scinawa.pl\/wp-content\/uploads\/2020\/11\/img-20201119-wa0002-1-724x1024.jpg 724w, https:\/\/scinawa.pl\/wp-content\/uploads\/2020\/11\/img-20201119-wa0002-1-768x1086.jpg 768w, https:\/\/scinawa.pl\/wp-content\/uploads\/2020\/11\/img-20201119-wa0002-1-1086x1536.jpg 1086w, https:\/\/scinawa.pl\/wp-content\/uploads\/2020\/11\/img-20201119-wa0002-1-17x24.jpg 17w, https:\/\/scinawa.pl\/wp-content\/uploads\/2020\/11\/img-20201119-wa0002-1-25x36.jpg 25w, https:\/\/scinawa.pl\/wp-content\/uploads\/2020\/11\/img-20201119-wa0002-1-34x48.jpg 34w\" sizes=\"(max-width: 1131px) 100vw, 1131px\" \/><\/a><\/p>\n<p align=\"justify\">\n","protected":false},"excerpt":{"rendered":"<p>Fundacja Przysta\u0144 w \u015acinawie zaprasza do udzia\u0142u w projekcie, w ramach kt\u00f3rego odb\u0119d\u0105 si\u0119 m.in. warsztaty: wyrobu bombki, choinki, r\u0119kodzie\u0142a,<\/p>\n","protected":false},"author":3,"featured_media":23147,"comment_status":"open","ping_status":"open","sticky":false,"template":"","format":"standard","meta":{"ngg_post_thumbnail":0},"categories":[12,3],"tags":[188],"_links":{"self":[{"href":"https:\/\/scinawa.pl\/index.php\/wp-json\/wp\/v2\/posts\/23142"}],"collection":[{"href":"https:\/\/scinawa.pl\/index.php\/wp-json\/wp\/v2\/posts"}],"about":[{"href":"https:\/\/scinawa.pl\/index.php\/wp-json\/wp\/v2\/types\/post"}],"author":[{"embeddable":true,"href":"https:\/\/scinawa.pl\/index.php\/wp-json\/wp\/v2\/users\/3"}],"replies":[{"embeddable":true,"href":"https:\/\/scinawa.pl\/index.php\/wp-json\/wp\/v2\/comments?post=23142"}],"version-history":[{"count":2,"href":"https:\/\/scinawa.pl\/index.php\/wp-json\/wp\/v2\/posts\/23142\/revisions"}],"predecessor-version":[{"id":23146,"href":"https:\/\/scinawa.pl\/index.php\/wp-json\/wp\/v2\/posts\/23142\/revisions\/23146"}],"wp:featuredmedia":[{"embeddable":true,"href":"https:\/\/scinawa.pl\/index.php\/wp-json\/wp\/v2\/media\/23147"}],"wp:attachment":[{"href":"https:\/\/scinawa.pl\/index.php\/wp-json\/wp\/v2\/media?parent=23142"}],"wp:term":[{"taxonomy":"category","embeddable":true,"href":"https:\/\/scinawa.pl\/index.php\/wp-json\/wp\/v2\/categories?post=23142"},{"taxonomy":"post_tag","embeddable":true,"href":"https:\/\/scinawa.pl\/index.php\/wp-json\/wp\/v2\/tags?post=23142"}],"curies":[{"name":"wp","href":"https:\/\/api.w.org\/{rel}","templated":true}]}}