{"id":23040,"date":"2020-11-10T13:54:33","date_gmt":"2020-11-10T12:54:33","guid":{"rendered":"http:\/\/nowa.scinawa.pl\/?p=23040"},"modified":"2020-11-10T15:58:43","modified_gmt":"2020-11-10T14:58:43","slug":"narodowe-swieto-niepodleglosci-ze-skromna-oprawa","status":"publish","type":"post","link":"https:\/\/scinawa.pl\/index.php\/2020\/11\/10\/narodowe-swieto-niepodleglosci-ze-skromna-oprawa\/","title":{"rendered":"Narodowe \u015awi\u0119to Niepodleg\u0142o\u015bci ze skromn\u0105 opraw\u0105"},"content":{"rendered":"<p align=\"justify\"><strong>Jutro przypada 102. rocznica odzyskania przez Polsk\u0119 niepodleg\u0142o\u015bci. W zwi\u0105zku z padnemi\u0105 koronowirusa i rz\u0105dowymi obostrzeniami, obchody upami\u0119tniaj\u0105ce to wa\u017cne wydarzenie zostan\u0105 w \u015acinawie ograniczone do wsp\u00f3lnej mszy \u015bwi\u0119tej w intencji ojczyzny (z zachowaniem obowi\u0105zuj\u0105cego re\u017cimu sanitarnego). Po nabo\u017ce\u0144stwie ch\u0119tne osoby indywidualnie z\u0142o\u017c\u0105 kwiaty pod pomnikiem pami\u0119ci w parku miejskim. Oczywi\u015bcie zach\u0119camy wszystkich mieszka\u0144c\u00f3w, by w miar\u0119 mo\u017cliwo\u015bci wywiesili jutro flagi i oddali cze\u015b\u0107 wszystkim bohaterom, kt\u00f3rzy walczyli o niepodleg\u0142o\u015b\u0107 ojczyzny!<br \/>\n<\/strong><\/p>\n<p align=\"justify\"><a href=\"http:\/\/nowa.scinawa.pl\/wp-content\/uploads\/2020\/11\/11-listopada-2020-1-scaled.jpg\"><img decoding=\"async\" loading=\"lazy\" class=\"aligncenter size-full wp-image-23047\" src=\"http:\/\/nowa.scinawa.pl\/wp-content\/uploads\/2020\/11\/11-listopada-2020-1-scaled.jpg\" alt=\"\" width=\"1815\" height=\"2560\" srcset=\"https:\/\/scinawa.pl\/wp-content\/uploads\/2020\/11\/11-listopada-2020-1-scaled.jpg 1815w, https:\/\/scinawa.pl\/wp-content\/uploads\/2020\/11\/11-listopada-2020-1-213x300.jpg 213w, https:\/\/scinawa.pl\/wp-content\/uploads\/2020\/11\/11-listopada-2020-1-726x1024.jpg 726w, https:\/\/scinawa.pl\/wp-content\/uploads\/2020\/11\/11-listopada-2020-1-768x1083.jpg 768w, https:\/\/scinawa.pl\/wp-content\/uploads\/2020\/11\/11-listopada-2020-1-1089x1536.jpg 1089w, https:\/\/scinawa.pl\/wp-content\/uploads\/2020\/11\/11-listopada-2020-1-1452x2048.jpg 1452w, https:\/\/scinawa.pl\/wp-content\/uploads\/2020\/11\/11-listopada-2020-1-17x24.jpg 17w, https:\/\/scinawa.pl\/wp-content\/uploads\/2020\/11\/11-listopada-2020-1-26x36.jpg 26w, https:\/\/scinawa.pl\/wp-content\/uploads\/2020\/11\/11-listopada-2020-1-34x48.jpg 34w\" sizes=\"(max-width: 1815px) 100vw, 1815px\" \/><\/a><\/p>\n","protected":false},"excerpt":{"rendered":"<p>Jutro przypada 102. rocznica odzyskania przez Polsk\u0119 niepodleg\u0142o\u015bci. W zwi\u0105zku z padnemi\u0105 koronowirusa i rz\u0105dowymi obostrzeniami, obchody upami\u0119tniaj\u0105ce to wa\u017cne<\/p>\n","protected":false},"author":3,"featured_media":23041,"comment_status":"open","ping_status":"open","sticky":false,"template":"","format":"standard","meta":{"ngg_post_thumbnail":0},"categories":[12,3],"tags":[242,578],"_links":{"self":[{"href":"https:\/\/scinawa.pl\/index.php\/wp-json\/wp\/v2\/posts\/23040"}],"collection":[{"href":"https:\/\/scinawa.pl\/index.php\/wp-json\/wp\/v2\/posts"}],"about":[{"href":"https:\/\/scinawa.pl\/index.php\/wp-json\/wp\/v2\/types\/post"}],"author":[{"embeddable":true,"href":"https:\/\/scinawa.pl\/index.php\/wp-json\/wp\/v2\/users\/3"}],"replies":[{"embeddable":true,"href":"https:\/\/scinawa.pl\/index.php\/wp-json\/wp\/v2\/comments?post=23040"}],"version-history":[{"count":5,"href":"https:\/\/scinawa.pl\/index.php\/wp-json\/wp\/v2\/posts\/23040\/revisions"}],"predecessor-version":[{"id":23048,"href":"https:\/\/scinawa.pl\/index.php\/wp-json\/wp\/v2\/posts\/23040\/revisions\/23048"}],"wp:featuredmedia":[{"embeddable":true,"href":"https:\/\/scinawa.pl\/index.php\/wp-json\/wp\/v2\/media\/23041"}],"wp:attachment":[{"href":"https:\/\/scinawa.pl\/index.php\/wp-json\/wp\/v2\/media?parent=23040"}],"wp:term":[{"taxonomy":"category","embeddable":true,"href":"https:\/\/scinawa.pl\/index.php\/wp-json\/wp\/v2\/categories?post=23040"},{"taxonomy":"post_tag","embeddable":true,"href":"https:\/\/scinawa.pl\/index.php\/wp-json\/wp\/v2\/tags?post=23040"}],"curies":[{"name":"wp","href":"https:\/\/api.w.org\/{rel}","templated":true}]}}