{"id":23002,"date":"2020-11-03T09:19:05","date_gmt":"2020-11-03T08:19:05","guid":{"rendered":"http:\/\/nowa.scinawa.pl\/?p=23002"},"modified":"2020-11-03T09:19:05","modified_gmt":"2020-11-03T08:19:05","slug":"uwaga-feryjny-rozklad-jazdy-linii-112","status":"publish","type":"post","link":"https:\/\/scinawa.pl\/index.php\/2020\/11\/03\/uwaga-feryjny-rozklad-jazdy-linii-112\/","title":{"rendered":"Uwaga: feryjny rozk\u0142ad jazdy linii 112"},"content":{"rendered":"<p align=\"justify\"><strong>Organizator bezp\u0142atnej komunikacji zbiorowej na terenie powiatu lubi\u0144skiego poinformowa\u0142, \u017ce od 2 listopada br. do odwo\u0142ania obowi\u0105zuje tzw. \u201eferyjny\u201d rozk\u0142ad jazdy. Powy\u017csza zmiana podyktowana jest wprowadzeniem od 24 pa\u017adziernika na terenie ca\u0142ej Polski tzw. \u201estrefy czerwonej\u201d. Rozk\u0142ad jazdy dost\u0119pny: <a href=\"https:\/\/pks.lubin.pl\/przystanek\/112\/1\/286\">https:\/\/pks.lubin.pl\/przystanek\/112\/1\/286<\/a>.<\/strong><\/p>\n<p align=\"justify\"><a href=\"http:\/\/nowa.scinawa.pl\/wp-content\/uploads\/2020\/11\/KOMUNIKAT_Covid-19_FERYJNY-OD-2-LISTOPADA-2020_v2_page-0001.jpg\"><img decoding=\"async\" loading=\"lazy\" class=\"aligncenter size-full wp-image-23003\" src=\"http:\/\/nowa.scinawa.pl\/wp-content\/uploads\/2020\/11\/KOMUNIKAT_Covid-19_FERYJNY-OD-2-LISTOPADA-2020_v2_page-0001.jpg\" alt=\"\" width=\"1241\" height=\"1754\" srcset=\"https:\/\/scinawa.pl\/wp-content\/uploads\/2020\/11\/KOMUNIKAT_Covid-19_FERYJNY-OD-2-LISTOPADA-2020_v2_page-0001.jpg 1241w, https:\/\/scinawa.pl\/wp-content\/uploads\/2020\/11\/KOMUNIKAT_Covid-19_FERYJNY-OD-2-LISTOPADA-2020_v2_page-0001-212x300.jpg 212w, https:\/\/scinawa.pl\/wp-content\/uploads\/2020\/11\/KOMUNIKAT_Covid-19_FERYJNY-OD-2-LISTOPADA-2020_v2_page-0001-725x1024.jpg 725w, https:\/\/scinawa.pl\/wp-content\/uploads\/2020\/11\/KOMUNIKAT_Covid-19_FERYJNY-OD-2-LISTOPADA-2020_v2_page-0001-768x1085.jpg 768w, https:\/\/scinawa.pl\/wp-content\/uploads\/2020\/11\/KOMUNIKAT_Covid-19_FERYJNY-OD-2-LISTOPADA-2020_v2_page-0001-1087x1536.jpg 1087w, https:\/\/scinawa.pl\/wp-content\/uploads\/2020\/11\/KOMUNIKAT_Covid-19_FERYJNY-OD-2-LISTOPADA-2020_v2_page-0001-17x24.jpg 17w, https:\/\/scinawa.pl\/wp-content\/uploads\/2020\/11\/KOMUNIKAT_Covid-19_FERYJNY-OD-2-LISTOPADA-2020_v2_page-0001-25x36.jpg 25w, https:\/\/scinawa.pl\/wp-content\/uploads\/2020\/11\/KOMUNIKAT_Covid-19_FERYJNY-OD-2-LISTOPADA-2020_v2_page-0001-34x48.jpg 34w\" sizes=\"(max-width: 1241px) 100vw, 1241px\" \/><\/a><\/p>\n","protected":false},"excerpt":{"rendered":"<p>Organizator bezp\u0142atnej komunikacji zbiorowej na terenie powiatu lubi\u0144skiego poinformowa\u0142, \u017ce od 2 listopada br. do odwo\u0142ania obowi\u0105zuje tzw. \u201eferyjny\u201d rozk\u0142ad<\/p>\n","protected":false},"author":3,"featured_media":22111,"comment_status":"open","ping_status":"open","sticky":false,"template":"","format":"standard","meta":{"ngg_post_thumbnail":0},"categories":[12,3],"tags":[733,345],"_links":{"self":[{"href":"https:\/\/scinawa.pl\/index.php\/wp-json\/wp\/v2\/posts\/23002"}],"collection":[{"href":"https:\/\/scinawa.pl\/index.php\/wp-json\/wp\/v2\/posts"}],"about":[{"href":"https:\/\/scinawa.pl\/index.php\/wp-json\/wp\/v2\/types\/post"}],"author":[{"embeddable":true,"href":"https:\/\/scinawa.pl\/index.php\/wp-json\/wp\/v2\/users\/3"}],"replies":[{"embeddable":true,"href":"https:\/\/scinawa.pl\/index.php\/wp-json\/wp\/v2\/comments?post=23002"}],"version-history":[{"count":1,"href":"https:\/\/scinawa.pl\/index.php\/wp-json\/wp\/v2\/posts\/23002\/revisions"}],"predecessor-version":[{"id":23004,"href":"https:\/\/scinawa.pl\/index.php\/wp-json\/wp\/v2\/posts\/23002\/revisions\/23004"}],"wp:featuredmedia":[{"embeddable":true,"href":"https:\/\/scinawa.pl\/index.php\/wp-json\/wp\/v2\/media\/22111"}],"wp:attachment":[{"href":"https:\/\/scinawa.pl\/index.php\/wp-json\/wp\/v2\/media?parent=23002"}],"wp:term":[{"taxonomy":"category","embeddable":true,"href":"https:\/\/scinawa.pl\/index.php\/wp-json\/wp\/v2\/categories?post=23002"},{"taxonomy":"post_tag","embeddable":true,"href":"https:\/\/scinawa.pl\/index.php\/wp-json\/wp\/v2\/tags?post=23002"}],"curies":[{"name":"wp","href":"https:\/\/api.w.org\/{rel}","templated":true}]}}