{"id":22873,"date":"2020-10-16T08:30:08","date_gmt":"2020-10-16T06:30:08","guid":{"rendered":"http:\/\/nowa.scinawa.pl\/?p=22873"},"modified":"2020-10-16T08:31:04","modified_gmt":"2020-10-16T06:31:04","slug":"uwaga-od-jutra-powiat-lubinski-w-czerwonej-strefie","status":"publish","type":"post","link":"https:\/\/scinawa.pl\/index.php\/2020\/10\/16\/uwaga-od-jutra-powiat-lubinski-w-czerwonej-strefie\/","title":{"rendered":"Uwaga: od jutra powiat lubi\u0144ski w czerwonej strefie!"},"content":{"rendered":"<p align=\"justify\"><strong>Od 17 pa\u017adziernika nasz powiat zostanie obj\u0119ty stref\u0105 czerwon\u0105, wczoraj Ministerstwo Zdrowia poda\u0142o list\u0119 region\u00f3w, w kt\u00f3rych wprowadzone zostan\u0105 dodatkowe obostrzenia w zwi\u0105zku z pandemi\u0105 koronowirusa. Prosimy wszystkich mieszka\u0144c\u00f3w, by stosowali si\u0119 do nowych zasad.<br \/>\n<\/strong><\/p>\n<p align=\"justify\"><strong>Oto zasady, kt\u00f3rych musimy przestrzega\u0107 od soboty:<br \/>\n\u2022 <\/strong>ograniczenie liczby os\u00f3b w plac\u00f3wkach handlowych do 5 os\u00f3b na 1 kas\u0119;<br \/>\n<strong>\u2022<\/strong> zakaz organizacji imprez okoliczno\u015bciowych (wesela, stypy i inne) \u2013 od 19.10;<br \/>\n<strong>\u2022<\/strong> podczas uroczysto\u015bci religijnych nie wi\u0119cej ni\u017c 1 osoba na 7m<sup>2<\/sup>;<br \/>\n<strong>\u2022<\/strong> w zgromadzeniach publicznych mo\u017ce uczestniczy\u0107 maksymalnie 10 os\u00f3b;<br \/>\n<strong>\u2022<\/strong> w szko\u0142ach wy\u017cszych oraz ponadpodstawowych obowi\u0105zuje nauczanie w trybie zdalnym (z wy\u0142\u0105czeniem zaj\u0119\u0107 praktycznych).<\/p>\n<p><a href=\"http:\/\/nowa.scinawa.pl\/wp-content\/uploads\/2020\/10\/Obostrzenia-17-pa\u017adziernika.jpg\"><img decoding=\"async\" loading=\"lazy\" class=\"aligncenter size-full wp-image-22876\" src=\"http:\/\/nowa.scinawa.pl\/wp-content\/uploads\/2020\/10\/Obostrzenia-17-pa\u017adziernika.jpg\" alt=\"\" width=\"1600\" height=\"900\" srcset=\"https:\/\/scinawa.pl\/wp-content\/uploads\/2020\/10\/Obostrzenia-17-pa\u017adziernika.jpg 1600w, https:\/\/scinawa.pl\/wp-content\/uploads\/2020\/10\/Obostrzenia-17-pa\u017adziernika-300x169.jpg 300w, https:\/\/scinawa.pl\/wp-content\/uploads\/2020\/10\/Obostrzenia-17-pa\u017adziernika-1024x576.jpg 1024w, https:\/\/scinawa.pl\/wp-content\/uploads\/2020\/10\/Obostrzenia-17-pa\u017adziernika-768x432.jpg 768w, https:\/\/scinawa.pl\/wp-content\/uploads\/2020\/10\/Obostrzenia-17-pa\u017adziernika-1536x864.jpg 1536w, https:\/\/scinawa.pl\/wp-content\/uploads\/2020\/10\/Obostrzenia-17-pa\u017adziernika-24x14.jpg 24w, https:\/\/scinawa.pl\/wp-content\/uploads\/2020\/10\/Obostrzenia-17-pa\u017adziernika-36x20.jpg 36w, https:\/\/scinawa.pl\/wp-content\/uploads\/2020\/10\/Obostrzenia-17-pa\u017adziernika-48x27.jpg 48w\" sizes=\"(max-width: 1600px) 100vw, 1600px\" \/><\/a><\/p>\n<p align=\"justify\"><strong>Opr\u00f3cz tego w strefie czerwonej obowi\u0105zuj\u0105 takie same zasady bezpiecze\u0144stwa jak w strefie \u017c\u00f3\u0142tej:<br \/>\n<\/strong>\u2022 lokale gastronomiczne mog\u0119 by\u0107 otwarte w godz. 6:00 \u2013 21:00. Zaj\u0119ty mo\u017ce by\u0107 co drugi stolik. Po godz. 21:00 wy\u0142\u0105cznie mo\u017cliwo\u015b\u0107 zam\u00f3wienia posi\u0142k\u00f3w na wynos;<br \/>\n<strong>\u2022<\/strong> ograniczenie liczba os\u00f3b w transporcie publicznym \u2013 zaj\u0119tych mo\u017ce by\u0107 50 proc. miejsc siedz\u0105cych lub 30 proc. liczby wszystkich miejsc;<br \/>\n<strong>\u2022<\/strong> wydarzenia sportowe bez udzia\u0142u publiczno\u015bci;<br \/>\n<strong>\u2022<\/strong> w wydarzeniach kulturalnych maksymalnie 25 proc. miejsc zaj\u0119tych przez publiczno\u015b\u0107;<br \/>\n<strong>\u2022<\/strong> zawieszona dzia\u0142alno\u015b\u0107 basen\u00f3w, aquapark\u00f3w i si\u0142owni.<\/p>\n<p><a href=\"http:\/\/nowa.scinawa.pl\/wp-content\/uploads\/2020\/10\/Obostrzenia-19-pa\u017adziernika.jpg\"><img decoding=\"async\" loading=\"lazy\" class=\"aligncenter size-full wp-image-22875\" src=\"http:\/\/nowa.scinawa.pl\/wp-content\/uploads\/2020\/10\/Obostrzenia-19-pa\u017adziernika.jpg\" alt=\"\" width=\"1600\" height=\"900\" srcset=\"https:\/\/scinawa.pl\/wp-content\/uploads\/2020\/10\/Obostrzenia-19-pa\u017adziernika.jpg 1600w, https:\/\/scinawa.pl\/wp-content\/uploads\/2020\/10\/Obostrzenia-19-pa\u017adziernika-300x169.jpg 300w, https:\/\/scinawa.pl\/wp-content\/uploads\/2020\/10\/Obostrzenia-19-pa\u017adziernika-1024x576.jpg 1024w, https:\/\/scinawa.pl\/wp-content\/uploads\/2020\/10\/Obostrzenia-19-pa\u017adziernika-768x432.jpg 768w, https:\/\/scinawa.pl\/wp-content\/uploads\/2020\/10\/Obostrzenia-19-pa\u017adziernika-1536x864.jpg 1536w, https:\/\/scinawa.pl\/wp-content\/uploads\/2020\/10\/Obostrzenia-19-pa\u017adziernika-24x14.jpg 24w, https:\/\/scinawa.pl\/wp-content\/uploads\/2020\/10\/Obostrzenia-19-pa\u017adziernika-36x20.jpg 36w, https:\/\/scinawa.pl\/wp-content\/uploads\/2020\/10\/Obostrzenia-19-pa\u017adziernika-48x27.jpg 48w\" sizes=\"(max-width: 1600px) 100vw, 1600px\" \/><\/a><\/p>\n<p align=\"justify\">Na razie nie zosta\u0142y zapowiedziane dodatkowe narz\u0119dzia wsparcia dla przedsi\u0119biorc\u00f3w z obj\u0119tych restrykcjami bran\u017c. Poniewa\u017c zdalnym trybem nauki obj\u0119to m\u0142odzie\u017c i student\u00f3w, nie ma te\u017c w tej chwili mowy o wyp\u0142acaniu zasi\u0142ku opieku\u0144czego dla rodzic\u00f3w.<\/p>\n<p align=\"justify\"><a href=\"http:\/\/nowa.scinawa.pl\/wp-content\/uploads\/2020\/10\/Mapa-3.jpeg\"><img decoding=\"async\" loading=\"lazy\" class=\"aligncenter size-full wp-image-22877\" src=\"http:\/\/nowa.scinawa.pl\/wp-content\/uploads\/2020\/10\/Mapa-3.jpeg\" alt=\"\" width=\"1600\" height=\"900\" srcset=\"https:\/\/scinawa.pl\/wp-content\/uploads\/2020\/10\/Mapa-3.jpeg 1600w, https:\/\/scinawa.pl\/wp-content\/uploads\/2020\/10\/Mapa-3-300x169.jpeg 300w, https:\/\/scinawa.pl\/wp-content\/uploads\/2020\/10\/Mapa-3-1024x576.jpeg 1024w, https:\/\/scinawa.pl\/wp-content\/uploads\/2020\/10\/Mapa-3-768x432.jpeg 768w, https:\/\/scinawa.pl\/wp-content\/uploads\/2020\/10\/Mapa-3-1536x864.jpeg 1536w, https:\/\/scinawa.pl\/wp-content\/uploads\/2020\/10\/Mapa-3-24x14.jpeg 24w, https:\/\/scinawa.pl\/wp-content\/uploads\/2020\/10\/Mapa-3-36x20.jpeg 36w, https:\/\/scinawa.pl\/wp-content\/uploads\/2020\/10\/Mapa-3-48x27.jpeg 48w\" sizes=\"(max-width: 1600px) 100vw, 1600px\" \/><\/a><\/p>\n","protected":false},"excerpt":{"rendered":"<p>Od 17 pa\u017adziernika nasz powiat zostanie obj\u0119ty stref\u0105 czerwon\u0105, wczoraj Ministerstwo Zdrowia poda\u0142o list\u0119 region\u00f3w, w kt\u00f3rych wprowadzone zostan\u0105 dodatkowe<\/p>\n","protected":false},"author":3,"featured_media":22874,"comment_status":"open","ping_status":"open","sticky":false,"template":"","format":"standard","meta":{"ngg_post_thumbnail":0},"categories":[12,3],"tags":[1385,1384],"_links":{"self":[{"href":"https:\/\/scinawa.pl\/index.php\/wp-json\/wp\/v2\/posts\/22873"}],"collection":[{"href":"https:\/\/scinawa.pl\/index.php\/wp-json\/wp\/v2\/posts"}],"about":[{"href":"https:\/\/scinawa.pl\/index.php\/wp-json\/wp\/v2\/types\/post"}],"author":[{"embeddable":true,"href":"https:\/\/scinawa.pl\/index.php\/wp-json\/wp\/v2\/users\/3"}],"replies":[{"embeddable":true,"href":"https:\/\/scinawa.pl\/index.php\/wp-json\/wp\/v2\/comments?post=22873"}],"version-history":[{"count":3,"href":"https:\/\/scinawa.pl\/index.php\/wp-json\/wp\/v2\/posts\/22873\/revisions"}],"predecessor-version":[{"id":22880,"href":"https:\/\/scinawa.pl\/index.php\/wp-json\/wp\/v2\/posts\/22873\/revisions\/22880"}],"wp:featuredmedia":[{"embeddable":true,"href":"https:\/\/scinawa.pl\/index.php\/wp-json\/wp\/v2\/media\/22874"}],"wp:attachment":[{"href":"https:\/\/scinawa.pl\/index.php\/wp-json\/wp\/v2\/media?parent=22873"}],"wp:term":[{"taxonomy":"category","embeddable":true,"href":"https:\/\/scinawa.pl\/index.php\/wp-json\/wp\/v2\/categories?post=22873"},{"taxonomy":"post_tag","embeddable":true,"href":"https:\/\/scinawa.pl\/index.php\/wp-json\/wp\/v2\/tags?post=22873"}],"curies":[{"name":"wp","href":"https:\/\/api.w.org\/{rel}","templated":true}]}}