{"id":22739,"date":"2020-09-28T15:58:37","date_gmt":"2020-09-28T13:58:37","guid":{"rendered":"http:\/\/nowa.scinawa.pl\/?p=22739"},"modified":"2020-09-28T15:58:37","modified_gmt":"2020-09-28T13:58:37","slug":"uwaga-kolejny-zakazony-w-gminie-tym-razem-pacjent-jest-w-szpitalu","status":"publish","type":"post","link":"https:\/\/scinawa.pl\/index.php\/2020\/09\/28\/uwaga-kolejny-zakazony-w-gminie-tym-razem-pacjent-jest-w-szpitalu\/","title":{"rendered":"UWAGA: kolejny zaka\u017cony w gminie, tym razem pacjent jest w szpitalu!"},"content":{"rendered":"<p align=\"justify\"><strong>W Polsce przybywa chorych na COVID-19, niestety mamy tak\u017ce kolejnego zaka\u017conego w gminie \u015acinawa. Jak wynika z dzisiejszego raportu Powiatowej Stacji Sanitarno-Epidemiologicznej w Lubinie, zachorowa\u0142 60-letni m\u0119\u017cczyzna. Niestety tym razem chory zdradza objawy towarzysz\u0105ce zaka\u017ceniu, w zwi\u0105zku z czym jest hospitalizowany na oddziale zaka\u017anym ZOZ w Boles\u0142awcu. To ju\u017c 5 przypadek osoby zaka\u017conej COVID-19 w naszej gminie, 4 wcze\u015bniejsze by\u0142y bezobjawowe, dlatego zwracamy si\u0119 z ponownym apelem do mieszka\u0144c\u00f3w, szczeg\u00f3lnie starszych os\u00f3b, by stosowali si\u0119 Pa\u0144stwo do rz\u0105dowych wytycznych, unikali du\u017cych skupisk ludzi, szczeg\u00f3lnie dbali o higien\u0119, nie zatajali jakichkolwiek chorobowych objaw\u00f3w.<\/strong><\/p>\n<p style=\"text-align: left;\" align=\"justify\"><strong>Podejrzewasz zaka\u017cenie koronawirusem?<\/strong><br \/>\nZadzwo\u0144:<span style=\"color: #ff0000;\"> 800 190 590<\/span><br \/>\nJest to numer infolinii Narodowego Funduszu Zdrowia dotycz\u0105cej post\u0119powania w sytuacji podejrzenia zaka\u017cenia koronawirusem.<br \/>\nSzczeg\u00f3\u0142owe informacje i wytyczne dost\u0119pne na rz\u0105dowej stronie: <a href=\"https:\/\/www.gov.pl\/web\/koronawirus\">https:\/\/www.gov.pl\/web\/koronawirus<\/a>.<\/p>\n","protected":false},"excerpt":{"rendered":"<p>W Polsce przybywa chorych na COVID-19, niestety mamy tak\u017ce kolejnego zaka\u017conego w gminie \u015acinawa. Jak wynika z dzisiejszego raportu Powiatowej<\/p>\n","protected":false},"author":3,"featured_media":22741,"comment_status":"open","ping_status":"open","sticky":false,"template":"","format":"standard","meta":{"ngg_post_thumbnail":0},"categories":[12,3],"tags":[1374,1373,845],"_links":{"self":[{"href":"https:\/\/scinawa.pl\/index.php\/wp-json\/wp\/v2\/posts\/22739"}],"collection":[{"href":"https:\/\/scinawa.pl\/index.php\/wp-json\/wp\/v2\/posts"}],"about":[{"href":"https:\/\/scinawa.pl\/index.php\/wp-json\/wp\/v2\/types\/post"}],"author":[{"embeddable":true,"href":"https:\/\/scinawa.pl\/index.php\/wp-json\/wp\/v2\/users\/3"}],"replies":[{"embeddable":true,"href":"https:\/\/scinawa.pl\/index.php\/wp-json\/wp\/v2\/comments?post=22739"}],"version-history":[{"count":1,"href":"https:\/\/scinawa.pl\/index.php\/wp-json\/wp\/v2\/posts\/22739\/revisions"}],"predecessor-version":[{"id":22740,"href":"https:\/\/scinawa.pl\/index.php\/wp-json\/wp\/v2\/posts\/22739\/revisions\/22740"}],"wp:featuredmedia":[{"embeddable":true,"href":"https:\/\/scinawa.pl\/index.php\/wp-json\/wp\/v2\/media\/22741"}],"wp:attachment":[{"href":"https:\/\/scinawa.pl\/index.php\/wp-json\/wp\/v2\/media?parent=22739"}],"wp:term":[{"taxonomy":"category","embeddable":true,"href":"https:\/\/scinawa.pl\/index.php\/wp-json\/wp\/v2\/categories?post=22739"},{"taxonomy":"post_tag","embeddable":true,"href":"https:\/\/scinawa.pl\/index.php\/wp-json\/wp\/v2\/tags?post=22739"}],"curies":[{"name":"wp","href":"https:\/\/api.w.org\/{rel}","templated":true}]}}