{"id":22570,"date":"2020-09-10T16:44:29","date_gmt":"2020-09-10T14:44:29","guid":{"rendered":"http:\/\/nowa.scinawa.pl\/?p=22570"},"modified":"2020-09-10T16:44:29","modified_gmt":"2020-09-10T14:44:29","slug":"uwaga-112-z-lubina-o-godz-1539-jezdzi-przez-reszow","status":"publish","type":"post","link":"https:\/\/scinawa.pl\/index.php\/2020\/09\/10\/uwaga-112-z-lubina-o-godz-1539-jezdzi-przez-reszow\/","title":{"rendered":"Uwaga: 112 z Lubina o godz. 15:39 je\u017adzi przez R\u0119sz\u00f3w!"},"content":{"rendered":"<p align=\"justify\"><strong>Informujemy, \u017ce nast\u0105pi\u0142a zmiana jednego kursu autobusu linii nr 112 relacji: Lubin \u2013 \u015acinawa, startuj\u0105cego o godz. 15:39 z przystanku Lubin KGHM P\u0119tla. Ww. kurs odbywa si\u0119 przez miejscowo\u015b\u0107 R\u0119sz\u00f3w. Zmiana dotyczy rozk\u0142adu w dni robocze oraz robocze w czasie ferii i wakacji.<\/strong><\/p>\n<p align=\"justify\">\u2013 Na wniosek radnego Zbigniewa Krasa, kt\u00f3ry wielokrotnie w imieniu mieszka\u0144c\u00f3w wyst\u0119powa\u0142 o tak\u0105 korekt\u0119, \u015bcinawski samorz\u0105d z\u0142o\u017cy\u0142 stosowne dokumenty do Starostwa Powiatowego w Lubinie (organizatora komunikacji zbiorowej na terenie powiatu, w tym tak\u017ce bezp\u0142atnej linii 112). Radny swoj\u0105 pro\u015bb\u0119 motywowa\u0142 faktem, \u017ce w miejscowo\u015bci D\u0105browa, przy drodze krajowej w kierunku \u015acinawy, i tak nie zatrzymuje si\u0119 autobus jad\u0105cy z Lubina, albowiem formalnie nie ma tam przystanku, co stanowi spore utrudnienie komunikacyjne dla lokalnej spo\u0142eczno\u015bci. Problem ma by\u0107 rozwi\u0105zany podczas planowanej przez GDDKiA we Wroc\u0142awiu przebudowy drogi numer 36. Dodatkowym argumentem podnoszonym przez radnego jest wi\u0119ksza liczba uczni\u00f3w szk\u00f3\u0142 \u015brednich, kt\u00f3rzy edukuj\u0105 si\u0119 w Lubinie. Powiat pozytywnie odni\u00f3s\u0142 si\u0119 do podania i wprowadzi\u0142 zmian\u0119 w kursowaniu autobusu wyje\u017cd\u017caj\u0105cego o godzinie 15:39 z p\u0119tli w Lubinie \u2013 wyja\u015bnia Przemys\u0142aw Linda ze \u015bcinawskiego magistratu.<\/p>\n","protected":false},"excerpt":{"rendered":"<p>Informujemy, \u017ce nast\u0105pi\u0142a zmiana jednego kursu autobusu linii nr 112 relacji: Lubin \u2013 \u015acinawa, startuj\u0105cego o godz. 15:39 z przystanku<\/p>\n","protected":false},"author":3,"featured_media":22571,"comment_status":"open","ping_status":"open","sticky":false,"template":"","format":"standard","meta":{"ngg_post_thumbnail":0},"categories":[12,3],"tags":[733,374,1160,798],"_links":{"self":[{"href":"https:\/\/scinawa.pl\/index.php\/wp-json\/wp\/v2\/posts\/22570"}],"collection":[{"href":"https:\/\/scinawa.pl\/index.php\/wp-json\/wp\/v2\/posts"}],"about":[{"href":"https:\/\/scinawa.pl\/index.php\/wp-json\/wp\/v2\/types\/post"}],"author":[{"embeddable":true,"href":"https:\/\/scinawa.pl\/index.php\/wp-json\/wp\/v2\/users\/3"}],"replies":[{"embeddable":true,"href":"https:\/\/scinawa.pl\/index.php\/wp-json\/wp\/v2\/comments?post=22570"}],"version-history":[{"count":1,"href":"https:\/\/scinawa.pl\/index.php\/wp-json\/wp\/v2\/posts\/22570\/revisions"}],"predecessor-version":[{"id":22572,"href":"https:\/\/scinawa.pl\/index.php\/wp-json\/wp\/v2\/posts\/22570\/revisions\/22572"}],"wp:featuredmedia":[{"embeddable":true,"href":"https:\/\/scinawa.pl\/index.php\/wp-json\/wp\/v2\/media\/22571"}],"wp:attachment":[{"href":"https:\/\/scinawa.pl\/index.php\/wp-json\/wp\/v2\/media?parent=22570"}],"wp:term":[{"taxonomy":"category","embeddable":true,"href":"https:\/\/scinawa.pl\/index.php\/wp-json\/wp\/v2\/categories?post=22570"},{"taxonomy":"post_tag","embeddable":true,"href":"https:\/\/scinawa.pl\/index.php\/wp-json\/wp\/v2\/tags?post=22570"}],"curies":[{"name":"wp","href":"https:\/\/api.w.org\/{rel}","templated":true}]}}