{"id":22522,"date":"2020-09-07T09:08:17","date_gmt":"2020-09-07T07:08:17","guid":{"rendered":"http:\/\/nowa.scinawa.pl\/?p=22522"},"modified":"2020-09-07T12:24:32","modified_gmt":"2020-09-07T10:24:32","slug":"graly-nizsze-ligi-16","status":"publish","type":"post","link":"https:\/\/scinawa.pl\/index.php\/2020\/09\/07\/graly-nizsze-ligi-16\/","title":{"rendered":"Gra\u0142y ni\u017csze ligi"},"content":{"rendered":"<p align=\"justify\"><strong>W 7. kolejce IV ligi pauzowa\u0142a Odra-Total \u015acinawa, podopieczni Tomasza Wo\u0142ocha kolejne spotkanie rozegraj\u0105 13 wrze\u015bnia w \u015acinawie, ich rywalem b\u0119dzie Sparta Gr\u0119bocice. W \u201eokr\u0119g\u00f3wce\u201d frycowe p\u0142ac\u0105 nadal pi\u0142karze Gromu Gromadzy\u0144-Wielowie\u015b, tym razem beniaminek uzna\u0142 wy\u017cszo\u015b\u0107 G\u00f3rnika Lubin (1:3). W A-klasie wygrali Czarni Dziewin, kt\u00f3rzy pokonali Rod\u0142o Granowice (3:1). Z kolei Sparta Parszowice uleg\u0142a Unii Mi\u0142oradzice (1:3) .<\/strong><\/p>\n<p><strong>IV liga<\/strong><br \/>\n<em><strong>Odra-Total \u015acinawa: 6 mecz\u00f3w, 8 punkt\u00f3w, 13. pozycja<\/strong><\/em><\/p>\n<p><strong>Odra-Total \u015acinawa \u2013 pauza<\/strong><\/p>\n<p><strong>Klasa okr\u0119gowa<\/strong><br \/>\n<em><strong>Grom Gromadzy\u0144-Wielowie\u015b: 5 mecz\u00f3w, 0 punkt\u00f3w, 16. pozycja<\/strong><\/em><\/p>\n<p><strong>Grom Gromadzy\u0144-Wielowie\u015b 3 \u2013 6 G\u00f3rnik Lubin<\/strong><br \/>\n??? &#8211; ???<\/p>\n<p><strong>A-klasa<\/strong><br \/>\n<em><strong>Czarni Dziewin: 4 mecze, 9 punkt\u00f3w, 5. pozycja<\/strong><\/em><\/p>\n<p><strong>Czarni Dziewin 3 \u2013 1 Rod\u0142o Granowice<\/strong><br \/>\nKrzy\u017canowski (dwie) 4\u2019, 56\u2019, Trawka 43\u2019 \u2013 Mazur 89\u2019<\/p>\n<p><em><strong>Sparta Parszowice: 4 mecze, 6 punkt\u00f3w, 8. pozycja<\/strong><\/em><\/p>\n<p><strong>Sparta Parszowice 1 \u2013 3 Unia Mi\u0142oradzice<\/strong><br \/>\nWielg\u00f3rka 60\u2019 &#8211; Tygielski 12\u2019, Mi\u015bta 62\u2019, Skotnicki 88\u2019<\/p>\n<p>Foto: Facebook Rod\u0142o Granowice<\/p>\n","protected":false},"excerpt":{"rendered":"<p>W 7. kolejce IV ligi pauzowa\u0142a Odra-Total \u015acinawa, podopieczni Tomasza Wo\u0142ocha kolejne spotkanie rozegraj\u0105 13 wrze\u015bnia w \u015acinawie, ich rywalem<\/p>\n","protected":false},"author":3,"featured_media":22523,"comment_status":"open","ping_status":"open","sticky":false,"template":"","format":"standard","meta":{"ngg_post_thumbnail":0},"categories":[12],"tags":[],"_links":{"self":[{"href":"https:\/\/scinawa.pl\/index.php\/wp-json\/wp\/v2\/posts\/22522"}],"collection":[{"href":"https:\/\/scinawa.pl\/index.php\/wp-json\/wp\/v2\/posts"}],"about":[{"href":"https:\/\/scinawa.pl\/index.php\/wp-json\/wp\/v2\/types\/post"}],"author":[{"embeddable":true,"href":"https:\/\/scinawa.pl\/index.php\/wp-json\/wp\/v2\/users\/3"}],"replies":[{"embeddable":true,"href":"https:\/\/scinawa.pl\/index.php\/wp-json\/wp\/v2\/comments?post=22522"}],"version-history":[{"count":2,"href":"https:\/\/scinawa.pl\/index.php\/wp-json\/wp\/v2\/posts\/22522\/revisions"}],"predecessor-version":[{"id":22525,"href":"https:\/\/scinawa.pl\/index.php\/wp-json\/wp\/v2\/posts\/22522\/revisions\/22525"}],"wp:featuredmedia":[{"embeddable":true,"href":"https:\/\/scinawa.pl\/index.php\/wp-json\/wp\/v2\/media\/22523"}],"wp:attachment":[{"href":"https:\/\/scinawa.pl\/index.php\/wp-json\/wp\/v2\/media?parent=22522"}],"wp:term":[{"taxonomy":"category","embeddable":true,"href":"https:\/\/scinawa.pl\/index.php\/wp-json\/wp\/v2\/categories?post=22522"},{"taxonomy":"post_tag","embeddable":true,"href":"https:\/\/scinawa.pl\/index.php\/wp-json\/wp\/v2\/tags?post=22522"}],"curies":[{"name":"wp","href":"https:\/\/api.w.org\/{rel}","templated":true}]}}