{"id":22489,"date":"2020-09-03T14:25:46","date_gmt":"2020-09-03T12:25:46","guid":{"rendered":"http:\/\/nowa.scinawa.pl\/?p=22489"},"modified":"2020-09-03T14:30:19","modified_gmt":"2020-09-03T12:30:19","slug":"uwaga-nowy-harmonogram-od-1-wrzesnia","status":"publish","type":"post","link":"https:\/\/scinawa.pl\/index.php\/2020\/09\/03\/uwaga-nowy-harmonogram-od-1-wrzesnia\/","title":{"rendered":"UWAGA! Nowy harmonogram odbioru odpad\u00f3w!!"},"content":{"rendered":"<p align=\"justify\"><strong>W zwi\u0105zku z zawarciem z pocz\u0105tkiem wrze\u015bnia nowej umowy na odbi\u00f3r i zagospodarowanie odpad\u00f3w komunalnych od w\u0142a\u015bcicieli nieruchomo\u015bci zamieszka\u0142ych na terenie miasta i gminy \u015acinawa informujemy, \u017ce uleg\u0142 zmianie dotychczasowy harmonogram.<\/strong><\/p>\n<p align=\"justify\">Wybrane w przeprowadzanym w okresie wakacji post\u0119powaniu przetargowym konsorcjum firm z Lubina, w sk\u0142ad kt\u00f3rego wchodz\u0105: EkoPartner Recykling Sp. z o.o. (lider konsorcjum) oraz Miejskie Przedsi\u0119biorstwo Oczyszczalnia Sp. z o.o. (partner konsorcjum), na mocy zwartej nowej umowy jest odpowiedzialne za wyw\u00f3z odpad\u00f3w segregowanych oraz niesegregowanych z naszego terenu. Umowa obowi\u0105zuje do ko\u0144ca przysz\u0142ego roku.<\/p>\n<p align=\"justify\">W zwi\u0105zku z powy\u017cszym prosimy o sprawdzenie nowych termin\u00f3w odbioru odpad\u00f3w.<\/p>\n<p align=\"justify\">Aktualny harmonogram publikujemy poni\u017cej:<\/p>\n<p><a href=\"http:\/\/nowa.scinawa.pl\/wp-content\/uploads\/2020\/09\/HARMONOGRAM-ODBIORU-OBSZAR-WIEJSKI-ODPADY-ULEGAJ\u0104CE-BIODEGRADACJI-IX-XII-2020_page-0001-1.jpg\"><img decoding=\"async\" loading=\"lazy\" class=\"aligncenter size-full wp-image-22494\" src=\"http:\/\/nowa.scinawa.pl\/wp-content\/uploads\/2020\/09\/HARMONOGRAM-ODBIORU-OBSZAR-WIEJSKI-ODPADY-ULEGAJ\u0104CE-BIODEGRADACJI-IX-XII-2020_page-0001-1.jpg\" alt=\"\" width=\"1505\" height=\"765\" srcset=\"https:\/\/scinawa.pl\/wp-content\/uploads\/2020\/09\/HARMONOGRAM-ODBIORU-OBSZAR-WIEJSKI-ODPADY-ULEGAJ\u0104CE-BIODEGRADACJI-IX-XII-2020_page-0001-1.jpg 1505w, https:\/\/scinawa.pl\/wp-content\/uploads\/2020\/09\/HARMONOGRAM-ODBIORU-OBSZAR-WIEJSKI-ODPADY-ULEGAJ\u0104CE-BIODEGRADACJI-IX-XII-2020_page-0001-1-300x152.jpg 300w, https:\/\/scinawa.pl\/wp-content\/uploads\/2020\/09\/HARMONOGRAM-ODBIORU-OBSZAR-WIEJSKI-ODPADY-ULEGAJ\u0104CE-BIODEGRADACJI-IX-XII-2020_page-0001-1-1024x521.jpg 1024w, https:\/\/scinawa.pl\/wp-content\/uploads\/2020\/09\/HARMONOGRAM-ODBIORU-OBSZAR-WIEJSKI-ODPADY-ULEGAJ\u0104CE-BIODEGRADACJI-IX-XII-2020_page-0001-1-768x390.jpg 768w, https:\/\/scinawa.pl\/wp-content\/uploads\/2020\/09\/HARMONOGRAM-ODBIORU-OBSZAR-WIEJSKI-ODPADY-ULEGAJ\u0104CE-BIODEGRADACJI-IX-XII-2020_page-0001-1-24x12.jpg 24w, https:\/\/scinawa.pl\/wp-content\/uploads\/2020\/09\/HARMONOGRAM-ODBIORU-OBSZAR-WIEJSKI-ODPADY-ULEGAJ\u0104CE-BIODEGRADACJI-IX-XII-2020_page-0001-1-36x18.jpg 36w, https:\/\/scinawa.pl\/wp-content\/uploads\/2020\/09\/HARMONOGRAM-ODBIORU-OBSZAR-WIEJSKI-ODPADY-ULEGAJ\u0104CE-BIODEGRADACJI-IX-XII-2020_page-0001-1-48x24.jpg 48w\" sizes=\"(max-width: 1505px) 100vw, 1505px\" \/><\/a><br \/>\n<a href=\"http:\/\/nowa.scinawa.pl\/wp-content\/uploads\/2020\/09\/HARMONOGRAM-ODBIORU-OBSZAR-WIEJSKI-ODPADY-ULEGAJ\u0104CE-BIODEGRADACJI-IX-XII-2020.pdf\">Harmonogram odbioru &#8211; obszar wiejski &#8211; odpady ulegaj\u0105ce biodegradacji<\/a><\/p>\n<p><a href=\"http:\/\/nowa.scinawa.pl\/wp-content\/uploads\/2020\/09\/Odpady-niesegregowane-gmina_page-0001.jpg\"><img decoding=\"async\" loading=\"lazy\" class=\"aligncenter size-full wp-image-22498\" src=\"http:\/\/nowa.scinawa.pl\/wp-content\/uploads\/2020\/09\/Odpady-niesegregowane-gmina_page-0001.jpg\" alt=\"\" width=\"1754\" height=\"1241\" srcset=\"https:\/\/scinawa.pl\/wp-content\/uploads\/2020\/09\/Odpady-niesegregowane-gmina_page-0001.jpg 1754w, https:\/\/scinawa.pl\/wp-content\/uploads\/2020\/09\/Odpady-niesegregowane-gmina_page-0001-300x212.jpg 300w, https:\/\/scinawa.pl\/wp-content\/uploads\/2020\/09\/Odpady-niesegregowane-gmina_page-0001-1024x725.jpg 1024w, https:\/\/scinawa.pl\/wp-content\/uploads\/2020\/09\/Odpady-niesegregowane-gmina_page-0001-768x543.jpg 768w, https:\/\/scinawa.pl\/wp-content\/uploads\/2020\/09\/Odpady-niesegregowane-gmina_page-0001-1536x1087.jpg 1536w, https:\/\/scinawa.pl\/wp-content\/uploads\/2020\/09\/Odpady-niesegregowane-gmina_page-0001-24x17.jpg 24w, https:\/\/scinawa.pl\/wp-content\/uploads\/2020\/09\/Odpady-niesegregowane-gmina_page-0001-36x25.jpg 36w, https:\/\/scinawa.pl\/wp-content\/uploads\/2020\/09\/Odpady-niesegregowane-gmina_page-0001-48x34.jpg 48w\" sizes=\"(max-width: 1754px) 100vw, 1754px\" \/><\/a><a href=\"http:\/\/nowa.scinawa.pl\/wp-content\/uploads\/2020\/09\/Odpady-niesegregowane-gmina-1.pdf\">Odpady niesegregowane gmina<\/a><\/p>\n<p><a href=\"http:\/\/nowa.scinawa.pl\/wp-content\/uploads\/2020\/09\/Odpady-segregowane-gmina_page-0001.jpg\"><img decoding=\"async\" loading=\"lazy\" class=\"aligncenter size-full wp-image-22500\" src=\"http:\/\/nowa.scinawa.pl\/wp-content\/uploads\/2020\/09\/Odpady-segregowane-gmina_page-0001.jpg\" alt=\"\" width=\"1469\" height=\"801\" srcset=\"https:\/\/scinawa.pl\/wp-content\/uploads\/2020\/09\/Odpady-segregowane-gmina_page-0001.jpg 1469w, https:\/\/scinawa.pl\/wp-content\/uploads\/2020\/09\/Odpady-segregowane-gmina_page-0001-300x164.jpg 300w, https:\/\/scinawa.pl\/wp-content\/uploads\/2020\/09\/Odpady-segregowane-gmina_page-0001-1024x558.jpg 1024w, https:\/\/scinawa.pl\/wp-content\/uploads\/2020\/09\/Odpady-segregowane-gmina_page-0001-768x419.jpg 768w, https:\/\/scinawa.pl\/wp-content\/uploads\/2020\/09\/Odpady-segregowane-gmina_page-0001-24x13.jpg 24w, https:\/\/scinawa.pl\/wp-content\/uploads\/2020\/09\/Odpady-segregowane-gmina_page-0001-36x20.jpg 36w, https:\/\/scinawa.pl\/wp-content\/uploads\/2020\/09\/Odpady-segregowane-gmina_page-0001-48x26.jpg 48w\" sizes=\"(max-width: 1469px) 100vw, 1469px\" \/><\/a><a href=\"http:\/\/nowa.scinawa.pl\/wp-content\/uploads\/2020\/09\/Odpady-segregowane-gmina.pdf\">Odpady segregowane gmina<\/a><\/p>\n<p><a href=\"http:\/\/nowa.scinawa.pl\/wp-content\/uploads\/2020\/09\/Odpady-\u015acinawa-1_page-0001.jpg\"><img decoding=\"async\" loading=\"lazy\" class=\"aligncenter size-full wp-image-22502\" src=\"http:\/\/nowa.scinawa.pl\/wp-content\/uploads\/2020\/09\/Odpady-\u015acinawa-1_page-0001.jpg\" alt=\"\" width=\"1510\" height=\"944\" srcset=\"https:\/\/scinawa.pl\/wp-content\/uploads\/2020\/09\/Odpady-\u015acinawa-1_page-0001.jpg 1510w, https:\/\/scinawa.pl\/wp-content\/uploads\/2020\/09\/Odpady-\u015acinawa-1_page-0001-300x188.jpg 300w, https:\/\/scinawa.pl\/wp-content\/uploads\/2020\/09\/Odpady-\u015acinawa-1_page-0001-1024x640.jpg 1024w, https:\/\/scinawa.pl\/wp-content\/uploads\/2020\/09\/Odpady-\u015acinawa-1_page-0001-768x480.jpg 768w, https:\/\/scinawa.pl\/wp-content\/uploads\/2020\/09\/Odpady-\u015acinawa-1_page-0001-24x15.jpg 24w, https:\/\/scinawa.pl\/wp-content\/uploads\/2020\/09\/Odpady-\u015acinawa-1_page-0001-36x23.jpg 36w, https:\/\/scinawa.pl\/wp-content\/uploads\/2020\/09\/Odpady-\u015acinawa-1_page-0001-48x30.jpg 48w\" sizes=\"(max-width: 1510px) 100vw, 1510px\" \/><\/a><\/p>\n<p><a href=\"http:\/\/nowa.scinawa.pl\/wp-content\/uploads\/2020\/09\/Odpady-\u015acinawa-1_page-0002.jpg\"><img decoding=\"async\" loading=\"lazy\" class=\"aligncenter size-full wp-image-22503\" src=\"http:\/\/nowa.scinawa.pl\/wp-content\/uploads\/2020\/09\/Odpady-\u015acinawa-1_page-0002.jpg\" alt=\"\" width=\"1510\" height=\"1015\" srcset=\"https:\/\/scinawa.pl\/wp-content\/uploads\/2020\/09\/Odpady-\u015acinawa-1_page-0002.jpg 1510w, https:\/\/scinawa.pl\/wp-content\/uploads\/2020\/09\/Odpady-\u015acinawa-1_page-0002-300x202.jpg 300w, https:\/\/scinawa.pl\/wp-content\/uploads\/2020\/09\/Odpady-\u015acinawa-1_page-0002-1024x688.jpg 1024w, https:\/\/scinawa.pl\/wp-content\/uploads\/2020\/09\/Odpady-\u015acinawa-1_page-0002-768x516.jpg 768w, https:\/\/scinawa.pl\/wp-content\/uploads\/2020\/09\/Odpady-\u015acinawa-1_page-0002-24x16.jpg 24w, https:\/\/scinawa.pl\/wp-content\/uploads\/2020\/09\/Odpady-\u015acinawa-1_page-0002-36x24.jpg 36w, https:\/\/scinawa.pl\/wp-content\/uploads\/2020\/09\/Odpady-\u015acinawa-1_page-0002-48x32.jpg 48w\" sizes=\"(max-width: 1510px) 100vw, 1510px\" \/><\/a><\/p>\n<p><a href=\"http:\/\/nowa.scinawa.pl\/wp-content\/uploads\/2020\/09\/Odpady-\u015acinawa-1.pdf\">Odpady \u015acinawa 1<\/a><\/p>\n<p><a href=\"http:\/\/nowa.scinawa.pl\/wp-content\/uploads\/2020\/09\/Odpady-\u015acinawa-2_page-0001.jpg\"><img decoding=\"async\" loading=\"lazy\" class=\"aligncenter size-full wp-image-22505\" src=\"http:\/\/nowa.scinawa.pl\/wp-content\/uploads\/2020\/09\/Odpady-\u015acinawa-2_page-0001.jpg\" alt=\"\" width=\"1518\" height=\"932\" srcset=\"https:\/\/scinawa.pl\/wp-content\/uploads\/2020\/09\/Odpady-\u015acinawa-2_page-0001.jpg 1518w, https:\/\/scinawa.pl\/wp-content\/uploads\/2020\/09\/Odpady-\u015acinawa-2_page-0001-300x184.jpg 300w, https:\/\/scinawa.pl\/wp-content\/uploads\/2020\/09\/Odpady-\u015acinawa-2_page-0001-1024x629.jpg 1024w, https:\/\/scinawa.pl\/wp-content\/uploads\/2020\/09\/Odpady-\u015acinawa-2_page-0001-768x472.jpg 768w, https:\/\/scinawa.pl\/wp-content\/uploads\/2020\/09\/Odpady-\u015acinawa-2_page-0001-24x15.jpg 24w, https:\/\/scinawa.pl\/wp-content\/uploads\/2020\/09\/Odpady-\u015acinawa-2_page-0001-36x22.jpg 36w, https:\/\/scinawa.pl\/wp-content\/uploads\/2020\/09\/Odpady-\u015acinawa-2_page-0001-48x29.jpg 48w\" sizes=\"(max-width: 1518px) 100vw, 1518px\" \/><\/a><br \/>\n<a href=\"http:\/\/nowa.scinawa.pl\/wp-content\/uploads\/2020\/09\/Odpady-\u015acinawa-2_page-0002.jpg\"><img decoding=\"async\" loading=\"lazy\" class=\"aligncenter size-full wp-image-22506\" src=\"http:\/\/nowa.scinawa.pl\/wp-content\/uploads\/2020\/09\/Odpady-\u015acinawa-2_page-0002.jpg\" alt=\"\" width=\"1520\" height=\"1005\" srcset=\"https:\/\/scinawa.pl\/wp-content\/uploads\/2020\/09\/Odpady-\u015acinawa-2_page-0002.jpg 1520w, https:\/\/scinawa.pl\/wp-content\/uploads\/2020\/09\/Odpady-\u015acinawa-2_page-0002-300x198.jpg 300w, https:\/\/scinawa.pl\/wp-content\/uploads\/2020\/09\/Odpady-\u015acinawa-2_page-0002-1024x677.jpg 1024w, https:\/\/scinawa.pl\/wp-content\/uploads\/2020\/09\/Odpady-\u015acinawa-2_page-0002-768x508.jpg 768w, https:\/\/scinawa.pl\/wp-content\/uploads\/2020\/09\/Odpady-\u015acinawa-2_page-0002-24x16.jpg 24w, https:\/\/scinawa.pl\/wp-content\/uploads\/2020\/09\/Odpady-\u015acinawa-2_page-0002-36x24.jpg 36w, https:\/\/scinawa.pl\/wp-content\/uploads\/2020\/09\/Odpady-\u015acinawa-2_page-0002-48x32.jpg 48w\" sizes=\"(max-width: 1520px) 100vw, 1520px\" \/><\/a><a href=\"http:\/\/nowa.scinawa.pl\/wp-content\/uploads\/2020\/09\/Odpady-\u015acinawa-2.pdf\">Odpady \u015acinawa 2<\/a><\/p>\n","protected":false},"excerpt":{"rendered":"<p>W zwi\u0105zku z zawarciem z pocz\u0105tkiem wrze\u015bnia nowej umowy na odbi\u00f3r i zagospodarowanie odpad\u00f3w komunalnych od w\u0142a\u015bcicieli nieruchomo\u015bci zamieszka\u0142ych na<\/p>\n","protected":false},"author":2,"featured_media":20093,"comment_status":"open","ping_status":"open","sticky":false,"template":"","format":"standard","meta":{"ngg_post_thumbnail":0},"categories":[12],"tags":[1361,303,501,554],"_links":{"self":[{"href":"https:\/\/scinawa.pl\/index.php\/wp-json\/wp\/v2\/posts\/22489"}],"collection":[{"href":"https:\/\/scinawa.pl\/index.php\/wp-json\/wp\/v2\/posts"}],"about":[{"href":"https:\/\/scinawa.pl\/index.php\/wp-json\/wp\/v2\/types\/post"}],"author":[{"embeddable":true,"href":"https:\/\/scinawa.pl\/index.php\/wp-json\/wp\/v2\/users\/2"}],"replies":[{"embeddable":true,"href":"https:\/\/scinawa.pl\/index.php\/wp-json\/wp\/v2\/comments?post=22489"}],"version-history":[{"count":7,"href":"https:\/\/scinawa.pl\/index.php\/wp-json\/wp\/v2\/posts\/22489\/revisions"}],"predecessor-version":[{"id":22512,"href":"https:\/\/scinawa.pl\/index.php\/wp-json\/wp\/v2\/posts\/22489\/revisions\/22512"}],"wp:featuredmedia":[{"embeddable":true,"href":"https:\/\/scinawa.pl\/index.php\/wp-json\/wp\/v2\/media\/20093"}],"wp:attachment":[{"href":"https:\/\/scinawa.pl\/index.php\/wp-json\/wp\/v2\/media?parent=22489"}],"wp:term":[{"taxonomy":"category","embeddable":true,"href":"https:\/\/scinawa.pl\/index.php\/wp-json\/wp\/v2\/categories?post=22489"},{"taxonomy":"post_tag","embeddable":true,"href":"https:\/\/scinawa.pl\/index.php\/wp-json\/wp\/v2\/tags?post=22489"}],"curies":[{"name":"wp","href":"https:\/\/api.w.org\/{rel}","templated":true}]}}