{"id":22211,"date":"2020-08-04T10:29:27","date_gmt":"2020-08-04T08:29:27","guid":{"rendered":"http:\/\/nowa.scinawa.pl\/?p=22211"},"modified":"2020-08-04T10:32:02","modified_gmt":"2020-08-04T08:32:02","slug":"szlachetna-paczka-poszukuje-lidera-i-wolontariuszy-w-scinawie","status":"publish","type":"post","link":"https:\/\/scinawa.pl\/index.php\/2020\/08\/04\/szlachetna-paczka-poszukuje-lidera-i-wolontariuszy-w-scinawie\/","title":{"rendered":"Szlachetna Paczka poszukuje lidera i wolontariuszy w \u015acinawie!"},"content":{"rendered":"<p align=\"justify\"><strong>Szlachetna Paczka i Akademia Przysz\u0142o\u015bci to jedne z najwi\u0119kszych i najskuteczniejszych program\u00f3w spo\u0142ecznych w Polsce. W Szlachetnej Paczce, dzi\u0119ki m\u0105drej pomocy, rokrocznie dedykowane wsparcie \u2013 w postaci paczek, ale r\u00f3wnie\u017c spotka\u0144 i nawi\u0105zywanych relacji oraz poczucia, \u017ce s\u0105 dla kogo\u015b wa\u017cni \u2013 otrzymuje tysi\u0105ce rodzin i os\u00f3b samotnych. Akademia Przysz\u0142o\u015bci skupia si\u0119 na budowaniu pewno\u015bci siebie w\u015br\u00f3d dzieci, kt\u00f3re dotychczas nie rozwija\u0142y ca\u0142ego swojego potencja\u0142u. Wolontariusze-tutorzy pracuj\u0105 indywidualnie z podopiecznymi na cotygodniowych godzinnych spotkaniach, podczas kt\u00f3rych pomagaj\u0105 im przezwyci\u0119\u017ca\u0107 bariery na drodze do doros\u0142o\u015bci i spe\u0142niania swoich marze\u0144. &#8211; W tym roku planujemy otworzy\u0107 nowy rejon w \u015acinawie, dlatego serdecznie zapraszamy do rekrutacji zar\u00f3wno na wolontariuszy, jak i lidera! Dzi\u0119ki Tobie mog\u0105 zmieni\u0107 si\u0119 histori\u0119 wielu rodzin! &#8211; zach\u0119ca Katarzyna Wasek koordynator Pionu Promocji Wojew\u00f3dztwa Dolno\u015bl\u0105skiego, Stowarzyszenie WIOSNA.<\/strong><\/p>\n<p align=\"justify\">W zesz\u0142ym roku 14\u202f562 rodziny otrzyma\u0142y pomoc w ramach Szlachetnej Paczki, a 1\u202f650 dzieci, podopiecznych Akademii Przysz\u0142o\u015bci, mia\u0142o mo\u017cliwo\u015b\u0107 uwierzy\u0107 w siebie. To wszystko dzi\u0119ki 11\u202f104 wolontariuszom, bez kt\u00f3rych pomoc dla potrzebuj\u0105cych i systemowe wsparcie dzieci w wieku szkolnym, nie by\u0142yby mo\u017cliwe. Po pandemii, w kryzysie, kt\u00f3ry ju\u017c nas dotyka, programy takie jak Szlachetna Paczka i Akademia Przysz\u0142o\u015bci b\u0119d\u0105 potrzebne bardziej ni\u017c kiedykolwiek.<\/p>\n<p align=\"justify\"><strong>Aby zosta\u0107 wolontariuszem Paczki b\u0105d\u017a Akademii<\/strong>, wystarczy ch\u0119\u0107 do dzia\u0142ania i uko\u0144czone 18 lat. Do wolontariatu zg\u0142osi\u0107 mo\u017cna si\u0119 na stronie: <a href=\"http:\/\/www.szlachetnapaczka.pl\/superw\">www.szlachetnapaczka.pl\/superw<\/a>\u00a0&#8211; po wype\u0142nieniu kr\u00f3tkiego formularza na ch\u0119tnych czeka rozmowa z tymi, kt\u00f3rzy b\u0119d\u0105 czuwa\u0107 nad ich przygod\u0105 z wolontariatem.<\/p>\n<p align=\"justify\">Wejd\u017a na\u00a0<a href=\"http:\/\/www.szlachetnapaczka.pl\/superw\">www.szlachetnapaczka.pl\/superw<\/a>\u00a0i dowiedz si\u0119 wi\u0119cej!<\/p>\n<p align=\"justify\"><a href=\"http:\/\/nowa.scinawa.pl\/wp-content\/uploads\/2020\/08\/103472316_4064879423552131_478468676981048453_n.png\"><img decoding=\"async\" loading=\"lazy\" class=\"aligncenter size-full wp-image-22213\" src=\"http:\/\/nowa.scinawa.pl\/wp-content\/uploads\/2020\/08\/103472316_4064879423552131_478468676981048453_n.png\" alt=\"\" width=\"820\" height=\"312\" srcset=\"https:\/\/scinawa.pl\/wp-content\/uploads\/2020\/08\/103472316_4064879423552131_478468676981048453_n.png 820w, https:\/\/scinawa.pl\/wp-content\/uploads\/2020\/08\/103472316_4064879423552131_478468676981048453_n-300x114.png 300w, https:\/\/scinawa.pl\/wp-content\/uploads\/2020\/08\/103472316_4064879423552131_478468676981048453_n-768x292.png 768w, https:\/\/scinawa.pl\/wp-content\/uploads\/2020\/08\/103472316_4064879423552131_478468676981048453_n-24x9.png 24w, https:\/\/scinawa.pl\/wp-content\/uploads\/2020\/08\/103472316_4064879423552131_478468676981048453_n-36x14.png 36w, https:\/\/scinawa.pl\/wp-content\/uploads\/2020\/08\/103472316_4064879423552131_478468676981048453_n-48x18.png 48w\" sizes=\"(max-width: 820px) 100vw, 820px\" \/><\/a><\/p>\n<p>\u0179r\u00f3d\u0142o: Pion Promocji Wojew\u00f3dztwa Dolno\u015bl\u0105skiego, Stowarzyszenie WIOSNA<\/p>\n","protected":false},"excerpt":{"rendered":"<p>Szlachetna Paczka i Akademia Przysz\u0142o\u015bci to jedne z najwi\u0119kszych i najskuteczniejszych program\u00f3w spo\u0142ecznych w Polsce. W Szlachetnej Paczce, dzi\u0119ki m\u0105drej<\/p>\n","protected":false},"author":3,"featured_media":22215,"comment_status":"open","ping_status":"open","sticky":false,"template":"","format":"standard","meta":{"ngg_post_thumbnail":0},"categories":[12,3],"tags":[],"_links":{"self":[{"href":"https:\/\/scinawa.pl\/index.php\/wp-json\/wp\/v2\/posts\/22211"}],"collection":[{"href":"https:\/\/scinawa.pl\/index.php\/wp-json\/wp\/v2\/posts"}],"about":[{"href":"https:\/\/scinawa.pl\/index.php\/wp-json\/wp\/v2\/types\/post"}],"author":[{"embeddable":true,"href":"https:\/\/scinawa.pl\/index.php\/wp-json\/wp\/v2\/users\/3"}],"replies":[{"embeddable":true,"href":"https:\/\/scinawa.pl\/index.php\/wp-json\/wp\/v2\/comments?post=22211"}],"version-history":[{"count":4,"href":"https:\/\/scinawa.pl\/index.php\/wp-json\/wp\/v2\/posts\/22211\/revisions"}],"predecessor-version":[{"id":22217,"href":"https:\/\/scinawa.pl\/index.php\/wp-json\/wp\/v2\/posts\/22211\/revisions\/22217"}],"wp:featuredmedia":[{"embeddable":true,"href":"https:\/\/scinawa.pl\/index.php\/wp-json\/wp\/v2\/media\/22215"}],"wp:attachment":[{"href":"https:\/\/scinawa.pl\/index.php\/wp-json\/wp\/v2\/media?parent=22211"}],"wp:term":[{"taxonomy":"category","embeddable":true,"href":"https:\/\/scinawa.pl\/index.php\/wp-json\/wp\/v2\/categories?post=22211"},{"taxonomy":"post_tag","embeddable":true,"href":"https:\/\/scinawa.pl\/index.php\/wp-json\/wp\/v2\/tags?post=22211"}],"curies":[{"name":"wp","href":"https:\/\/api.w.org\/{rel}","templated":true}]}}