{"id":22070,"date":"2020-07-14T15:03:26","date_gmt":"2020-07-14T13:03:26","guid":{"rendered":"http:\/\/nowa.scinawa.pl\/?p=22070"},"modified":"2020-07-14T15:03:26","modified_gmt":"2020-07-14T13:03:26","slug":"zmarl-sp-czeslaw-jastrzebski","status":"publish","type":"post","link":"https:\/\/scinawa.pl\/index.php\/2020\/07\/14\/zmarl-sp-czeslaw-jastrzebski\/","title":{"rendered":"Zmar\u0142 \u015bp. Czes\u0142aw Jastrz\u0119bski"},"content":{"rendered":"<p align=\"justify\"><strong>Z g\u0142\u0119bokim \u017calem przyj\u0119li\u015bmy wiadomo\u015b\u0107 o \u015bmierci Czes\u0142awa Jastrz\u0119bskiego \u2013 spo\u0142ecznika, lokalnego patrioty, by\u0142ego radnego Rady Miejskiej w \u015acinawie oraz so\u0142tysa Przychowej. Msza \u015bwi\u0119ta w intencji zmar\u0142ego zostanie odprawiona 18 lipca o godzinie 13:00 w ko\u015bciele w Przychowej. Pogr\u0105\u017conej w \u017calu rodzinie oraz bliskim sk\u0142adamy szczere kondolencje.<\/strong><\/p>\n","protected":false},"excerpt":{"rendered":"<p>Z g\u0142\u0119bokim \u017calem przyj\u0119li\u015bmy wiadomo\u015b\u0107 o \u015bmierci Czes\u0142awa Jastrz\u0119bskiego \u2013 spo\u0142ecznika, lokalnego patrioty, by\u0142ego radnego Rady Miejskiej w \u015acinawie oraz<\/p>\n","protected":false},"author":3,"featured_media":22071,"comment_status":"open","ping_status":"open","sticky":false,"template":"","format":"standard","meta":{"ngg_post_thumbnail":0},"categories":[12,3],"tags":[1316],"_links":{"self":[{"href":"https:\/\/scinawa.pl\/index.php\/wp-json\/wp\/v2\/posts\/22070"}],"collection":[{"href":"https:\/\/scinawa.pl\/index.php\/wp-json\/wp\/v2\/posts"}],"about":[{"href":"https:\/\/scinawa.pl\/index.php\/wp-json\/wp\/v2\/types\/post"}],"author":[{"embeddable":true,"href":"https:\/\/scinawa.pl\/index.php\/wp-json\/wp\/v2\/users\/3"}],"replies":[{"embeddable":true,"href":"https:\/\/scinawa.pl\/index.php\/wp-json\/wp\/v2\/comments?post=22070"}],"version-history":[{"count":1,"href":"https:\/\/scinawa.pl\/index.php\/wp-json\/wp\/v2\/posts\/22070\/revisions"}],"predecessor-version":[{"id":22072,"href":"https:\/\/scinawa.pl\/index.php\/wp-json\/wp\/v2\/posts\/22070\/revisions\/22072"}],"wp:featuredmedia":[{"embeddable":true,"href":"https:\/\/scinawa.pl\/index.php\/wp-json\/wp\/v2\/media\/22071"}],"wp:attachment":[{"href":"https:\/\/scinawa.pl\/index.php\/wp-json\/wp\/v2\/media?parent=22070"}],"wp:term":[{"taxonomy":"category","embeddable":true,"href":"https:\/\/scinawa.pl\/index.php\/wp-json\/wp\/v2\/categories?post=22070"},{"taxonomy":"post_tag","embeddable":true,"href":"https:\/\/scinawa.pl\/index.php\/wp-json\/wp\/v2\/tags?post=22070"}],"curies":[{"name":"wp","href":"https:\/\/api.w.org\/{rel}","templated":true}]}}