{"id":21890,"date":"2020-06-22T14:34:51","date_gmt":"2020-06-22T12:34:51","guid":{"rendered":"http:\/\/nowa.scinawa.pl\/?p=21890"},"modified":"2020-06-22T15:00:06","modified_gmt":"2020-06-22T13:00:06","slug":"stadion-w-scinawie-ponownie-udostepniony-mieszkancom","status":"publish","type":"post","link":"https:\/\/scinawa.pl\/index.php\/2020\/06\/22\/stadion-w-scinawie-ponownie-udostepniony-mieszkancom\/","title":{"rendered":"Stadion w \u015acinawie ponownie udost\u0119pniony mieszka\u0144com!"},"content":{"rendered":"<p align=\"justify\"><strong>Po przerwie zwi\u0105zanej z epidemi\u0105 COVID-19 stadion miejski w \u015acinawie zostanie jutro, tj. we wtorek 23 czerwca, otwarty dla amator\u00f3w sportu. \u2013 Z kompleksu b\u0119d\u0105 mogli korzysta\u0107 wszyscy ch\u0119tni, naturalnie z zachowaniem wszelkich nakaz\u00f3w oraz obostrze\u0144 wprowadzonych przez rz\u0105d i s\u0142u\u017cby sanitarne, a tak\u017ce zgodnie z regulaminem samego obiektu. Stadion otwierany b\u0119dzie tak jak wcze\u015bniej, w godzinach od 7:00 do 22:00 \u2013 informuje Centrum Turystyki i Kultury w \u015acinawie, kt\u00f3re zarz\u0105dza stadionem.<\/strong><\/p>\n<p align=\"justify\">\u2013 Sport jest potrzebny nam wszystkim \u2013 dla zdrowia i hartu ducha. Ma dawa\u0107 rado\u015b\u0107 nie tylko kibicom, ale wszystkim Polakom \u2013 w takich s\u0142owach na temat otwarcia stadion\u00f3w wypowiada\u0142 si\u0119 premier.<\/p>\n<p align=\"justify\"><strong>Rozgrywki ligowe dopiero jesieni\u0105\u2013 udost\u0119pnianie trybun pi\u0142karskich oraz pozosta\u0142ej infrastruktury:<\/strong><br \/>\n\u2013 Od 19 czerwca kibice mog\u0105 zaj\u0105\u0107 do 25 procent miejsc na stadionach, nale\u017cy jednak pami\u0119ta\u0107, \u017ce rozgrywki w pi\u0142karskich ni\u017cszych ligach odbywa\u0107 si\u0119 b\u0119d\u0105 dopiero jesieni\u0105. \u015acinawski obiekt otwieramy przede wszystkim z my\u015bl\u0105 o mieszka\u0144cach, by zn\u00f3w mogli korzysta\u0107 ze znajduj\u0105cej si\u0119 na miejscu infrastruktury, g\u0142\u00f3wnie z bie\u017cni, si\u0142owni plenerowej oraz boisk na g\u00f3rnej cz\u0119\u015bci \u2013 podkre\u015bla Anna Podbucka, dyrektor Centrum Turystyki i Kultury w \u015acinawie.<\/p>\n<p align=\"justify\"><strong>Zarz\u0105dca obiektu prosi o zachowanie ostro\u017cno\u015bci, odpowiednich odst\u0119p\u00f3w oraz wszelkich zasad bezpiecze\u0144stwa, kt\u00f3re nadal obowi\u0105zuj\u0105 w naszym kraju. Na miejscu przypomina\u0142y b\u0119d\u0105 o nich wywieszone komunikaty, dla u\u017cytkownik\u00f3w stadionu dost\u0119pny r\u00f3wnie\u017c b\u0119dzie p\u0142yn dezynfekuj\u0105cy, a s\u0142u\u017cby porz\u0105dkowe CTiK kilka razy dziennie odka\u017ca\u0107 b\u0119d\u0105 znajduj\u0105ce si\u0119 na stadionie urz\u0105dzenia.<\/strong><\/p>\n","protected":false},"excerpt":{"rendered":"<p>Po przerwie zwi\u0105zanej z epidemi\u0105 COVID-19 stadion miejski w \u015acinawie zostanie jutro, tj. we wtorek 23 czerwca, otwarty dla amator\u00f3w<\/p>\n","protected":false},"author":3,"featured_media":21887,"comment_status":"open","ping_status":"open","sticky":false,"template":"","format":"standard","meta":{"ngg_post_thumbnail":0},"categories":[12,41],"tags":[],"_links":{"self":[{"href":"https:\/\/scinawa.pl\/index.php\/wp-json\/wp\/v2\/posts\/21890"}],"collection":[{"href":"https:\/\/scinawa.pl\/index.php\/wp-json\/wp\/v2\/posts"}],"about":[{"href":"https:\/\/scinawa.pl\/index.php\/wp-json\/wp\/v2\/types\/post"}],"author":[{"embeddable":true,"href":"https:\/\/scinawa.pl\/index.php\/wp-json\/wp\/v2\/users\/3"}],"replies":[{"embeddable":true,"href":"https:\/\/scinawa.pl\/index.php\/wp-json\/wp\/v2\/comments?post=21890"}],"version-history":[{"count":2,"href":"https:\/\/scinawa.pl\/index.php\/wp-json\/wp\/v2\/posts\/21890\/revisions"}],"predecessor-version":[{"id":21892,"href":"https:\/\/scinawa.pl\/index.php\/wp-json\/wp\/v2\/posts\/21890\/revisions\/21892"}],"wp:featuredmedia":[{"embeddable":true,"href":"https:\/\/scinawa.pl\/index.php\/wp-json\/wp\/v2\/media\/21887"}],"wp:attachment":[{"href":"https:\/\/scinawa.pl\/index.php\/wp-json\/wp\/v2\/media?parent=21890"}],"wp:term":[{"taxonomy":"category","embeddable":true,"href":"https:\/\/scinawa.pl\/index.php\/wp-json\/wp\/v2\/categories?post=21890"},{"taxonomy":"post_tag","embeddable":true,"href":"https:\/\/scinawa.pl\/index.php\/wp-json\/wp\/v2\/tags?post=21890"}],"curies":[{"name":"wp","href":"https:\/\/api.w.org\/{rel}","templated":true}]}}