{"id":21779,"date":"2020-05-26T14:31:53","date_gmt":"2020-05-26T12:31:53","guid":{"rendered":"http:\/\/nowa.scinawa.pl\/?p=21779"},"modified":"2020-05-26T14:31:53","modified_gmt":"2020-05-26T12:31:53","slug":"niska-frekwencja-w-gminnych-szkolach","status":"publish","type":"post","link":"https:\/\/scinawa.pl\/index.php\/2020\/05\/26\/niska-frekwencja-w-gminnych-szkolach\/","title":{"rendered":"Niska frekwencja w gminnych szko\u0142ach"},"content":{"rendered":"<p align=\"justify\"><strong>Zgodnie z decyzj\u0105 rz\u0105du uczniowie klas I-III mogli wczoraj wr\u00f3ci\u0107 do szk\u00f3\u0142, wcze\u015bniej wychowawcy informowali rodzic\u00f3w o takiej mo\u017cliwo\u015bci. W Zespole Szkolno-Przedszkolny w \u015acinawie prowadzone s\u0105 zaj\u0119cia opieku\u0144czo-wychowawcze, w Szkole Podstawowej w Tymowej zaj\u0119cia wychowawcze \u2013 przyj\u0119ty plan pracy wynika z bardzo niskiej frekwencji. Uczniowie klas \u00f3smych mog\u0105 korzysta\u0107 z indywidualnych konsultacji.<\/strong><\/p>\n<p align=\"justify\">Dzi\u015b w \u015bcinawskiej podstaw\u00f3wce z klas I-III nie pojawi\u0142 si\u0119 \u017caden ucze\u0144, a wczoraj tylko 2, z kolei z zaj\u0119\u0107 w oddziale zerowym skorzysta\u0142a 3 dzieci. \u2013 Uznali\u015bmy, \u017ce w zwi\u0105zku z tak ma\u0142ym zainteresowaniem do pracy z dzie\u0107mi oddelegujemy panie ze \u015bwietlicy, kt\u00f3re b\u0119d\u0105 organizowa\u0142y im czas. Wcze\u015bniej robili\u015bmy rozeznanie w\u015br\u00f3d rodzic\u00f3w i zg\u0142oszono, \u017ce do szko\u0142y b\u0119dzie ucz\u0119szcza\u0142o zaledwie 5 uczni\u00f3w. Ro\u015bnie natomiast frekwencja w przedszkolu, kt\u00f3re otworzyli\u015bmy ju\u017c 6 maja, dzi\u015b pojawi\u0142o si\u0119 w nim 9 maluch\u00f3w \u2013 m\u00f3wi Jolanta Szulc, dyrektor ZS-P w \u015acinawie.<\/p>\n<p align=\"justify\">Natomiast do szko\u0142y w Tymowej od wczoraj ucz\u0119szcza klasa III, czyli \u0142\u0105cznie 7 uczni\u00f3w, dzi\u0119ki czemu wychowawca mo\u017ce prowadzi\u0107 stacjonarne zaj\u0119cia dydaktyczne.<\/p>\n<p>Od poniedzia\u0142ku uczniowie klas IV-VII b\u0119d\u0105 mogli korzysta\u0107 z indywidualnych konsultacji.<\/p>\n","protected":false},"excerpt":{"rendered":"<p>Zgodnie z decyzj\u0105 rz\u0105du uczniowie klas I-III mogli wczoraj wr\u00f3ci\u0107 do szk\u00f3\u0142, wcze\u015bniej wychowawcy informowali rodzic\u00f3w o takiej mo\u017cliwo\u015bci. W<\/p>\n","protected":false},"author":3,"featured_media":21780,"comment_status":"open","ping_status":"open","sticky":false,"template":"","format":"standard","meta":{"ngg_post_thumbnail":0},"categories":[12,3],"tags":[1200,105,1243],"_links":{"self":[{"href":"https:\/\/scinawa.pl\/index.php\/wp-json\/wp\/v2\/posts\/21779"}],"collection":[{"href":"https:\/\/scinawa.pl\/index.php\/wp-json\/wp\/v2\/posts"}],"about":[{"href":"https:\/\/scinawa.pl\/index.php\/wp-json\/wp\/v2\/types\/post"}],"author":[{"embeddable":true,"href":"https:\/\/scinawa.pl\/index.php\/wp-json\/wp\/v2\/users\/3"}],"replies":[{"embeddable":true,"href":"https:\/\/scinawa.pl\/index.php\/wp-json\/wp\/v2\/comments?post=21779"}],"version-history":[{"count":1,"href":"https:\/\/scinawa.pl\/index.php\/wp-json\/wp\/v2\/posts\/21779\/revisions"}],"predecessor-version":[{"id":21781,"href":"https:\/\/scinawa.pl\/index.php\/wp-json\/wp\/v2\/posts\/21779\/revisions\/21781"}],"wp:featuredmedia":[{"embeddable":true,"href":"https:\/\/scinawa.pl\/index.php\/wp-json\/wp\/v2\/media\/21780"}],"wp:attachment":[{"href":"https:\/\/scinawa.pl\/index.php\/wp-json\/wp\/v2\/media?parent=21779"}],"wp:term":[{"taxonomy":"category","embeddable":true,"href":"https:\/\/scinawa.pl\/index.php\/wp-json\/wp\/v2\/categories?post=21779"},{"taxonomy":"post_tag","embeddable":true,"href":"https:\/\/scinawa.pl\/index.php\/wp-json\/wp\/v2\/tags?post=21779"}],"curies":[{"name":"wp","href":"https:\/\/api.w.org\/{rel}","templated":true}]}}