{"id":21733,"date":"2020-05-20T08:58:15","date_gmt":"2020-05-20T06:58:15","guid":{"rendered":"http:\/\/nowa.scinawa.pl\/?p=21733"},"modified":"2020-05-20T15:29:29","modified_gmt":"2020-05-20T13:29:29","slug":"darmowe-wsparcie-psychologiczne-w-ramach-grup-wsparcia-rownowaznia","status":"publish","type":"post","link":"https:\/\/scinawa.pl\/index.php\/2020\/05\/20\/darmowe-wsparcie-psychologiczne-w-ramach-grup-wsparcia-rownowaznia\/","title":{"rendered":"Darmowe wsparcie psychologiczne w ramach grup wsparcia \u201eR\u00f3wnowa\u017cnia\u201d"},"content":{"rendered":"<p align=\"justify\"><strong>Fundacja ADRA Polska, wychodz\u0105c naprzeciw rosn\u0105cym potrzebom spo\u0142ecznym, w tym l\u0119kowi wywo\u0142anemu pandemi\u0105 wirusa COVID-19, uruchamia grupy wsparcia online prowadzone przez wykwalifikowanych specjalist\u00f3w.<\/strong><\/p>\n<p align=\"justify\">Nat\u0142ok my\u015bli, zastanawianie si\u0119 jak odnajdziemy si\u0119 na rynku pracy po ustaniu pandemii, jak b\u0119dziemy dalej funkcjonowa\u0107 w zmienionej rzeczywisto\u015bci, izolacja &#8211; to problemy, z jakimi zmaga si\u0119 od pewnego czasu wi\u0119kszo\u015b\u0107 Polak\u00f3w. Mog\u0105 one prowadzi\u0107 do wzmo\u017conego napi\u0119cia emocjonalnego, z kt\u00f3rym bardzo trudno jest sobie poradzi\u0107.<\/p>\n<p align=\"justify\">Dlatego Fundacja ADRA Polska zaprasza do udzia\u0142u w grupach wsparcia w ramach projektu \u201eR\u00f3wnowa\u017cnia\u201d. Do udzia\u0142u w grupie mo\u017ce zg\u0142osi\u0107 si\u0119 ka\u017cdy, kto odczuwa wy\u017cej wymienione trudno\u015bci. Dzi\u0119ki grupie mo\u017cna <strong>bezpiecznie i anonimowo<\/strong> podzieli\u0107 si\u0119 w\u0142asnymi prze\u017cyciami, wymieni\u0107 do\u015bwiadczeniami, pomys\u0142ami, otrzyma\u0107 wsparcie. Mo\u017cna tu spotka\u0107 ludzi, kt\u00f3rzy prze\u017cywaj\u0105 te same problemy, kt\u00f3rzy nie oceni\u0105 i nie skrytykuj\u0105, ale zrozumiej\u0105 i wespr\u0105.<br \/>\n\u2013 Aktywne uczestnictwo w grupie to pomoc w rozwi\u0105zywaniu codziennych problem\u00f3w, tak\u017ce dodatkowo r\u00f3wnie\u017c <strong>praca nad sob\u0105 i rozw\u00f3j osobisty<\/strong>. To cz\u0119sto pierwszy krok na drodze do nowego \u017cycia \u2013 komentuje Magda Matuszewska, koordynator akcji z Fundacji ADRA Polska.<\/p>\n<p align=\"justify\">Grupy wsparcia \u201eR\u00f3wnowa\u017cnia\u201d b\u0119d\u0105 odbywa\u0107 si\u0119 pod opiek\u0105 specjalist\u00f3w &#8211; psycholog\u00f3w, trener\u00f3w, doradc\u00f3w zawodowych, terapeut\u00f3w i coach\u00f3w. Grupy dzia\u0142a\u0107 b\u0119d\u0105 w oparciu o model, dzi\u0119ki kt\u00f3remu pod \u201eskrzyd\u0142ami\u201d jednego mentora wsparciem mog\u0105 zosta\u0107 obj\u0119te nawet 144 osoby. \u2013 Ju\u017c teraz otrzymujemy du\u017co zg\u0142osze\u0144, co pokazuje, jak wielkie jest zapotrzebowanie na tego typu pomoc \u2013 dodaje Magda Matuszewska z Fundacji ADRA Polska.<br \/>\nSpotkania grup wsparcia odbywa\u0107 si\u0119 b\u0119d\u0105 online i wymagaj\u0105 jedynie komputera i dost\u0119pu do Internetu. Udzia\u0142 w nich jest bezp\u0142atny.<\/p>\n<p align=\"justify\"><strong>Co zrobi\u0107, aby do\u0142\u0105czy\u0107 do grupy wsparcia \u201eR\u00f3wnowa\u017cnia\u201d?<\/strong><br \/>\n1. wej\u015b\u0107 na stron\u0119<a href=\"http:\/\/www.adra.pl\/kryzys\"> www.adra.pl\/kryzys<\/a>,<br \/>\n2. wype\u0142ni\u0107 kr\u00f3tki formularz,<br \/>\n3. poczeka\u0107 na kontakt ze strony Fundacji.<\/p>\n<p align=\"justify\">Mentor &#8211; przygotowuje moderator\u00f3w do odpowiedniego prowadzenia grup, udziela wsparcia w trakcie trwania projektu w formie superwizji.<br \/>\nModerator \u2013 dla prowadzi grupy zgodnie z ich za\u0142o\u017ceniami i w oparciu o wskaz\u00f3wki udzielane przez mentora.<\/p>\n<p align=\"justify\">Inne projekty Fundacji ADRA Polska:<br \/>\nZatrzymaj COVID-19 \u2013 akcja szycia i fundowania maseczek ochronnych dla os\u00f3b potrzebuj\u0105cych i bezdomnych. Wi\u0119cej informacji: <a href=\"http:\/\/www.adra.pl\/koronawirus\/\">www.adra.pl\/koronawirus\/<\/a>.<\/p>\n<p align=\"justify\">\u017ar\u00f3d\u0142o: Fundacja ADRA Polska<\/p>\n","protected":false},"excerpt":{"rendered":"<p>Fundacja ADRA Polska, wychodz\u0105c naprzeciw rosn\u0105cym potrzebom spo\u0142ecznym, w tym l\u0119kowi wywo\u0142anemu pandemi\u0105 wirusa COVID-19, uruchamia grupy wsparcia online prowadzone<\/p>\n","protected":false},"author":3,"featured_media":21734,"comment_status":"open","ping_status":"open","sticky":false,"template":"","format":"standard","meta":{"ngg_post_thumbnail":0},"categories":[12,3],"tags":[],"_links":{"self":[{"href":"https:\/\/scinawa.pl\/index.php\/wp-json\/wp\/v2\/posts\/21733"}],"collection":[{"href":"https:\/\/scinawa.pl\/index.php\/wp-json\/wp\/v2\/posts"}],"about":[{"href":"https:\/\/scinawa.pl\/index.php\/wp-json\/wp\/v2\/types\/post"}],"author":[{"embeddable":true,"href":"https:\/\/scinawa.pl\/index.php\/wp-json\/wp\/v2\/users\/3"}],"replies":[{"embeddable":true,"href":"https:\/\/scinawa.pl\/index.php\/wp-json\/wp\/v2\/comments?post=21733"}],"version-history":[{"count":4,"href":"https:\/\/scinawa.pl\/index.php\/wp-json\/wp\/v2\/posts\/21733\/revisions"}],"predecessor-version":[{"id":21738,"href":"https:\/\/scinawa.pl\/index.php\/wp-json\/wp\/v2\/posts\/21733\/revisions\/21738"}],"wp:featuredmedia":[{"embeddable":true,"href":"https:\/\/scinawa.pl\/index.php\/wp-json\/wp\/v2\/media\/21734"}],"wp:attachment":[{"href":"https:\/\/scinawa.pl\/index.php\/wp-json\/wp\/v2\/media?parent=21733"}],"wp:term":[{"taxonomy":"category","embeddable":true,"href":"https:\/\/scinawa.pl\/index.php\/wp-json\/wp\/v2\/categories?post=21733"},{"taxonomy":"post_tag","embeddable":true,"href":"https:\/\/scinawa.pl\/index.php\/wp-json\/wp\/v2\/tags?post=21733"}],"curies":[{"name":"wp","href":"https:\/\/api.w.org\/{rel}","templated":true}]}}