{"id":21657,"date":"2020-05-11T15:19:56","date_gmt":"2020-05-11T13:19:56","guid":{"rendered":"http:\/\/nowa.scinawa.pl\/?p=21657"},"modified":"2020-05-11T15:19:56","modified_gmt":"2020-05-11T13:19:56","slug":"od-jutra-wraca-roboczy-rozklad-jazdy-linii-112","status":"publish","type":"post","link":"https:\/\/scinawa.pl\/index.php\/2020\/05\/11\/od-jutra-wraca-roboczy-rozklad-jazdy-linii-112\/","title":{"rendered":"Od jutra wraca ROBOCZY rozk\u0142ad jazdy linii 112"},"content":{"rendered":"<p align=\"justify\"><strong>Organizator bezp\u0142atnej komunikacji zbiorowej na terenie powiatu lubi\u0144skiego poinformowa\u0142, \u017ce od 12 maja obowi\u0105zywa\u0142 b\u0119dzie tzw. \u201eROBOCZY\u201d rozk\u0142ad jazdy. Autobusy b\u0119d\u0105 kursowa\u0142y cz\u0119\u015bciej, natomiast nadal obowi\u0105zywa\u0142y b\u0119d\u0105 obostrzenia wprowadzone przez rz\u0105d. \u015arodkami publicznego transportu mo\u017ce podr\u00f3\u017cowa\u0107 nie wi\u0119cej os\u00f3b, ni\u017c wynosi po\u0142owa miejsc siedz\u0105cych w autobusie. Rozk\u0142ad jazdy dost\u0119pny na stronie PKS Lubin: <a href=\"https:\/\/pks.lubin.pl\/przystanek\/112\/1\/286\">https:\/\/pks.lubin.pl\/przystanek\/112\/1\/286<\/a>.<\/strong><\/p>\n<p><strong>Uwaga aby sprawdzi\u0107 jutrzejsze po\u0142\u0105czenia ze \u015acinawy nale\u017cy:<\/strong><br \/>\n1. wybra\u0107 przystanek,<br \/>\n2. klikn\u0105\u0107 w Dni robocze.<\/p>\n<p>&nbsp;<\/p>\n<p><a href=\"http:\/\/nowa.scinawa.pl\/wp-content\/uploads\/2020\/05\/cats.jpg\"><img decoding=\"async\" loading=\"lazy\" class=\"aligncenter size-full wp-image-21658\" src=\"http:\/\/nowa.scinawa.pl\/wp-content\/uploads\/2020\/05\/cats.jpg\" alt=\"\" width=\"832\" height=\"133\" srcset=\"https:\/\/scinawa.pl\/wp-content\/uploads\/2020\/05\/cats.jpg 832w, https:\/\/scinawa.pl\/wp-content\/uploads\/2020\/05\/cats-300x48.jpg 300w, https:\/\/scinawa.pl\/wp-content\/uploads\/2020\/05\/cats-768x123.jpg 768w, https:\/\/scinawa.pl\/wp-content\/uploads\/2020\/05\/cats-24x4.jpg 24w, https:\/\/scinawa.pl\/wp-content\/uploads\/2020\/05\/cats-36x6.jpg 36w, https:\/\/scinawa.pl\/wp-content\/uploads\/2020\/05\/cats-48x8.jpg 48w\" sizes=\"(max-width: 832px) 100vw, 832px\" \/><\/a><\/p>\n<p>Uwaga: jutro rozk\u0142ad dost\u0119pny na stronie przewo\u017anika zostanie zaktualizowany.<\/p>\n","protected":false},"excerpt":{"rendered":"<p>Organizator bezp\u0142atnej komunikacji zbiorowej na terenie powiatu lubi\u0144skiego poinformowa\u0142, \u017ce od 12 maja obowi\u0105zywa\u0142 b\u0119dzie tzw. \u201eROBOCZY\u201d rozk\u0142ad jazdy. Autobusy<\/p>\n","protected":false},"author":3,"featured_media":20275,"comment_status":"open","ping_status":"open","sticky":false,"template":"","format":"standard","meta":{"ngg_post_thumbnail":0},"categories":[12,3],"tags":[218,1278,219],"_links":{"self":[{"href":"https:\/\/scinawa.pl\/index.php\/wp-json\/wp\/v2\/posts\/21657"}],"collection":[{"href":"https:\/\/scinawa.pl\/index.php\/wp-json\/wp\/v2\/posts"}],"about":[{"href":"https:\/\/scinawa.pl\/index.php\/wp-json\/wp\/v2\/types\/post"}],"author":[{"embeddable":true,"href":"https:\/\/scinawa.pl\/index.php\/wp-json\/wp\/v2\/users\/3"}],"replies":[{"embeddable":true,"href":"https:\/\/scinawa.pl\/index.php\/wp-json\/wp\/v2\/comments?post=21657"}],"version-history":[{"count":2,"href":"https:\/\/scinawa.pl\/index.php\/wp-json\/wp\/v2\/posts\/21657\/revisions"}],"predecessor-version":[{"id":21660,"href":"https:\/\/scinawa.pl\/index.php\/wp-json\/wp\/v2\/posts\/21657\/revisions\/21660"}],"wp:featuredmedia":[{"embeddable":true,"href":"https:\/\/scinawa.pl\/index.php\/wp-json\/wp\/v2\/media\/20275"}],"wp:attachment":[{"href":"https:\/\/scinawa.pl\/index.php\/wp-json\/wp\/v2\/media?parent=21657"}],"wp:term":[{"taxonomy":"category","embeddable":true,"href":"https:\/\/scinawa.pl\/index.php\/wp-json\/wp\/v2\/categories?post=21657"},{"taxonomy":"post_tag","embeddable":true,"href":"https:\/\/scinawa.pl\/index.php\/wp-json\/wp\/v2\/tags?post=21657"}],"curies":[{"name":"wp","href":"https:\/\/api.w.org\/{rel}","templated":true}]}}