{"id":21516,"date":"2020-04-15T17:09:35","date_gmt":"2020-04-15T15:09:35","guid":{"rendered":"http:\/\/nowa.scinawa.pl\/?p=21516"},"modified":"2020-04-15T18:43:06","modified_gmt":"2020-04-15T16:43:06","slug":"zaslon-twarz-tym-co-masz-i-kolejny-etap-akcji-chronimyseniorow","status":"publish","type":"post","link":"https:\/\/scinawa.pl\/index.php\/2020\/04\/15\/zaslon-twarz-tym-co-masz-i-kolejny-etap-akcji-chronimyseniorow\/","title":{"rendered":"Zas\u0142o\u0144 twarz tym co masz i kolejny etap akcji #chronimysenior\u00f3w"},"content":{"rendered":"<p align=\"justify\"><strong>\u015acinawski samorz\u0105d kontynuuje inicjatyw\u0119 skierowan\u0105 do mieszka\u0144c\u00f3w gminy i w ramach kolejnego etapu akcji #chronimysenior\u00f3w bezp\u0142atnie przeka\u017ce maseczki ochronne wielokrotnego u\u017cytku osobom, kt\u00f3re uko\u0144czy\u0142y 60 lat, a nie otrzyma\u0142y wcze\u015bniej takiego wsparcia. Dodatkowo maseczki podarowane zostan\u0105 wszystkim mieszka\u0144com chorym onkologicznie oraz niepe\u0142nosprawnym- w tych dw\u00f3ch przypadkach wymagane jest telefoniczne zg\u0142oszenie zapotrzebowania. W zwi\u0105zku z pandemi\u0105 koronawirusa i szczeg\u00f3lnym zagro\u017ceniem, jakie niesie ona dla os\u00f3b zaawansowanych wiekowo, maseczki przekazywane s\u0105 w pierwszej kolejno\u015bci mieszka\u0144com najbardziej nara\u017conym na tragiczne skutki zachorowa\u0144. Przy okazji ponawiamy apel, by bez powodu nie opuszcza\u0107 dom\u00f3w, bo ograniczanie kontaktu, to najlepszy spos\u00f3b na unikni\u0119cie zaka\u017cenia. Od jutra, czyli 16 kwietnia, wszyscy, kt\u00f3rzy b\u0119d\u0105 musieli pojawi\u0107 si\u0119 w miejscach publicznych, maj\u0105 obowi\u0105zek zas\u0142ania\u0107 usta i nos.<\/strong><\/p>\n<p align=\"justify\">Uwaga: w przypadku senior\u00f3w (60+) maseczki zostan\u0105 dostarczone w oparciu o wykaz ewidencji ludno\u015bci, natomiast osoby chore onkologicznie i niepe\u0142nosprawne powinny zg\u0142osi\u0107 zapotrzebowanie telefonicznie pod numerem: <strong>+48 570 335 112 (prosimy dzwoni\u0107 w dni robocze w godzinach od 12:00 do 14:00)<\/strong>.<\/p>\n<p align=\"justify\">\u2013 Rozpoczynamy kolejny etap naszych dzia\u0142a\u0144, kt\u00f3re zamierzmy w przysz\u0142o\u015bci kontynuowa\u0107 i rozszerza\u0107. Zacz\u0119li\u015bmy od najstarszych mieszka\u0144c\u00f3w gminy i os\u00f3b najbardziej nara\u017conych na skutki zachorowa\u0144, by zapewni\u0107 im jak najszybciej podstawow\u0105 ochron\u0119. Maski w rakach akcji 60+ rozkolportujemy w kilka dni. Nadal jednak podkre\u015blamy, \u017ce najlepszym sposobem na unikanie zaka\u017cenia koronawirusem jest pozostanie w domu i ograniczenie kontaktu z innymi lud\u017ami do minimum. Maseczki s\u0105 przekazywane stopniowo, poniewa\u017c mamy uzasadnione obawy, \u017ce mieszka\u0144cy poczuj\u0105 si\u0119 bezpieczniej i przestan\u0105 przestrzega\u0107 narzuconych ogranicze\u0144 \u2013 podkre\u015bla Danuta Zarzycka, inspektor ds. obronnych i zarz\u0105dzania kryzysowego.<\/p>\n<p align=\"justify\">By skuteczniej i szybciej reagowa\u0107 \u015bcinawski samorz\u0105d mo\u017ce liczy\u0107 na wsparcie wolontariuszy: radnych Rady Miejskiej w \u015acinawie, stra\u017cak\u00f3w z jednostek OSP, a tak\u017ce reprezentant\u00f3w gminnych so\u0142ectw. <strong>Wszystkim za ch\u0119\u0107 niesienia pomocy serdecznie DZI\u0118KUJEMY!<\/strong><\/p>\n<p align=\"justify\">Przypominamy, \u017ce ka\u017cdej uprawnionej osobie przys\u0142uguje 1 maseczka wielokrotnego u\u017cytku, a od jutra, czyli 16 kwietnia wchodzi w \u017cycie obowi\u0105zek zas\u0142aniania ust i nosa. Rz\u0105d zadecydowa\u0142, \u017ce <strong>ka\u017cda osoba na ulicy, w miejscu publicznym b\u0119dzie musia\u0142a nosi\u0107 maseczk\u0119, szalik czy chustk\u0119, kt\u00f3ra zakryje zar\u00f3wno usta, jak i nos<\/strong>. Obowi\u0105zek dotyczy wszystkich, kt\u00f3rzy b\u0119d\u0105 przebywa\u0107 na ulicach, w urz\u0119dach, sklepach czy miejscach \u015bwiadczenia us\u0142ug oraz zak\u0142adach pracy (to pracodawca ma zapewni\u0107 pracownikowi podstawowe \u015brodki ochronne).<\/p>\n<p align=\"justify\"><strong>Rada Ministr\u00f3w w rozporz\u0105dzeniu uszczeg\u00f3\u0142owiaj\u0105cym precyzuje, \u017ce zakrywa\u0107 nos i usta mo\u017cna przy pomocy: cz\u0119\u015bci odzie\u017cy, przy\u0142bicy, maski albo maseczki. Wyja\u015bnia tak\u017ce, gdzie i w jakich sytuacjach konieczne jest zakrywanie twarzy:<\/strong><br \/>\n&#8211; w \u015brodkach publicznego transportu zbiorowego oraz pojazdach samochodowych, w kt\u00f3rych poruszaj\u0105 si\u0119 osoby niezamieszkuj\u0105ce lub niegospodaruj\u0105ce wsp\u00f3lnie;<br \/>\n&#8211; w miejscach og\u00f3lnodost\u0119pnych, w tym na drogach i placach;<br \/>\n&#8211; w zak\u0142adach pracy oraz w budynkach u\u017cyteczno\u015bci publicznej przeznaczonych na potrzeby: administracji publicznej, wymiaru sprawiedliwo\u015bci, kultury, kultu religijnego, o\u015bwiaty, szkolnictwa wy\u017cszego, nauki, wychowania, opieki zdrowotnej, spo\u0142ecznej lub socjalnej, obs\u0142ugi bankowej, handlu, gastronomii, us\u0142ug, w tym us\u0142ug pocztowych lub telekomunikacyjnych, turystyki, sportu, obs\u0142ugi pasa\u017cer\u00f3w w transporcie kolejowym, drogowym, lotniczym, morskim lub wodnym \u015br\u00f3dl\u0105dowym;<br \/>\n&#8211; w obiektach handlowych lub us\u0142ugowych, plac\u00f3wkach handlowych lub us\u0142ugowych i na targowiskach (straganach),<br \/>\nna terenie nieruchomo\u015bci wsp\u00f3lnych.<\/p>\n<p align=\"justify\"><strong>Z kolei zakrywanie ust i nosa nie b\u0119dzie konieczne:<\/strong><br \/>\n&#8211; w mieszkaniach;<br \/>\n&#8211; w samochodach, w kt\u00f3rych przebywa lub porusza si\u0119 1 osoba albo 1 osoba z dzieckiem do 4 lat.<\/p>\n<p align=\"justify\"><strong>Obowi\u0105zek zakrywania ust i nosa nie dotyczy:<\/strong><br \/>\n&#8211; dzieci poni\u017cej 4 lat;<br \/>\n&#8211; os\u00f3b, kt\u00f3re nie mog\u0105 zakrywa\u0107 ust lub nosa z powodu stanu zdrowia, ca\u0142o\u015bciowych zaburze\u0144 rozwoju, niepe\u0142nosprawno\u015bci intelektualnej w stopniu umiarkowanym albo g\u0142\u0119bokim lub niesamodzielno\u015bci;<br \/>\n&#8211; os\u00f3b wykonuj\u0105cych czynno\u015bci zawodowe, s\u0142u\u017cbowe lub zarobkowe w budynkach, zak\u0142adach, obiektach, plac\u00f3wkach i targowiskach (straganach), z wyj\u0105tkiem osoby wykonuj\u0105cej bezpo\u015bredni\u0105 obs\u0142ug\u0119 interesant\u00f3w lub klient\u00f3w;<br \/>\n&#8211; kieruj\u0105cego \u015brodkiem publicznego transportu zbiorowego lub pojazdem samochodowym wykonuj\u0105cym zarobkowy przew\u00f3z os\u00f3b, je\u017celi operator publicznego transportu zbiorowego albo organizator tego transportu zapewnia oddzielenie kieruj\u0105cego od przewo\u017conych os\u00f3b w spos\u00f3b uniemo\u017cliwiaj\u0105cy styczno\u015b\u0107;<br \/>\n&#8211; duchownego sprawuj\u0105cego kult religijny, w tym czynno\u015bci lub obrz\u0119dy religijne, podczas jego sprawowania;<br \/>\n&#8211; \u017co\u0142nierza Si\u0142 Zbrojnych Rzeczypospolitej Polskiej i wojsk sojuszniczych, a tak\u017ce funkcjonariusza S\u0142u\u017cby Kontrwywiadu Wojskowego i S\u0142u\u017cby Wywiadu Wojskowego, wykonuj\u0105cych zadania s\u0142u\u017cbowe, stosuj\u0105cych \u015brodki ochrony osobistej odpowiednie do rodzaju wykonywanych czynno\u015bci.<\/p>\n<p align=\"justify\"><a href=\"http:\/\/nowa.scinawa.pl\/wp-content\/uploads\/2020\/04\/2020.04.14-maski-seniorzy-niepelnosprawni-v2-Kopia.png\"><img decoding=\"async\" loading=\"lazy\" class=\"aligncenter size-full wp-image-21517\" src=\"http:\/\/nowa.scinawa.pl\/wp-content\/uploads\/2020\/04\/2020.04.14-maski-seniorzy-niepelnosprawni-v2-Kopia.png\" alt=\"\" width=\"1200\" height=\"1200\" srcset=\"https:\/\/scinawa.pl\/wp-content\/uploads\/2020\/04\/2020.04.14-maski-seniorzy-niepelnosprawni-v2-Kopia.png 1200w, https:\/\/scinawa.pl\/wp-content\/uploads\/2020\/04\/2020.04.14-maski-seniorzy-niepelnosprawni-v2-Kopia-300x300.png 300w, https:\/\/scinawa.pl\/wp-content\/uploads\/2020\/04\/2020.04.14-maski-seniorzy-niepelnosprawni-v2-Kopia-1024x1024.png 1024w, https:\/\/scinawa.pl\/wp-content\/uploads\/2020\/04\/2020.04.14-maski-seniorzy-niepelnosprawni-v2-Kopia-150x150.png 150w, https:\/\/scinawa.pl\/wp-content\/uploads\/2020\/04\/2020.04.14-maski-seniorzy-niepelnosprawni-v2-Kopia-768x768.png 768w, https:\/\/scinawa.pl\/wp-content\/uploads\/2020\/04\/2020.04.14-maski-seniorzy-niepelnosprawni-v2-Kopia-24x24.png 24w, https:\/\/scinawa.pl\/wp-content\/uploads\/2020\/04\/2020.04.14-maski-seniorzy-niepelnosprawni-v2-Kopia-36x36.png 36w, https:\/\/scinawa.pl\/wp-content\/uploads\/2020\/04\/2020.04.14-maski-seniorzy-niepelnosprawni-v2-Kopia-48x48.png 48w\" sizes=\"(max-width: 1200px) 100vw, 1200px\" \/><\/a><\/p>\n<p align=\"justify\"><a href=\"http:\/\/nowa.scinawa.pl\/wp-content\/uploads\/2020\/04\/DSC_0382.jpg\"><img decoding=\"async\" loading=\"lazy\" class=\"aligncenter size-full wp-image-21518\" src=\"http:\/\/nowa.scinawa.pl\/wp-content\/uploads\/2020\/04\/DSC_0382.jpg\" alt=\"\" width=\"1024\" height=\"683\" srcset=\"https:\/\/scinawa.pl\/wp-content\/uploads\/2020\/04\/DSC_0382.jpg 1024w, https:\/\/scinawa.pl\/wp-content\/uploads\/2020\/04\/DSC_0382-300x200.jpg 300w, https:\/\/scinawa.pl\/wp-content\/uploads\/2020\/04\/DSC_0382-768x512.jpg 768w, https:\/\/scinawa.pl\/wp-content\/uploads\/2020\/04\/DSC_0382-24x16.jpg 24w, https:\/\/scinawa.pl\/wp-content\/uploads\/2020\/04\/DSC_0382-36x24.jpg 36w, https:\/\/scinawa.pl\/wp-content\/uploads\/2020\/04\/DSC_0382-48x32.jpg 48w\" sizes=\"(max-width: 1024px) 100vw, 1024px\" \/><\/a><\/p>\n","protected":false},"excerpt":{"rendered":"<p>\u015acinawski samorz\u0105d kontynuuje inicjatyw\u0119 skierowan\u0105 do mieszka\u0144c\u00f3w gminy i w ramach kolejnego etapu akcji #chronimysenior\u00f3w bezp\u0142atnie przeka\u017ce maseczki ochronne wielokrotnego<\/p>\n","protected":false},"author":3,"featured_media":21519,"comment_status":"open","ping_status":"open","sticky":false,"template":"","format":"standard","meta":{"ngg_post_thumbnail":0},"categories":[12,3],"tags":[1245,1256,814],"_links":{"self":[{"href":"https:\/\/scinawa.pl\/index.php\/wp-json\/wp\/v2\/posts\/21516"}],"collection":[{"href":"https:\/\/scinawa.pl\/index.php\/wp-json\/wp\/v2\/posts"}],"about":[{"href":"https:\/\/scinawa.pl\/index.php\/wp-json\/wp\/v2\/types\/post"}],"author":[{"embeddable":true,"href":"https:\/\/scinawa.pl\/index.php\/wp-json\/wp\/v2\/users\/3"}],"replies":[{"embeddable":true,"href":"https:\/\/scinawa.pl\/index.php\/wp-json\/wp\/v2\/comments?post=21516"}],"version-history":[{"count":4,"href":"https:\/\/scinawa.pl\/index.php\/wp-json\/wp\/v2\/posts\/21516\/revisions"}],"predecessor-version":[{"id":21523,"href":"https:\/\/scinawa.pl\/index.php\/wp-json\/wp\/v2\/posts\/21516\/revisions\/21523"}],"wp:featuredmedia":[{"embeddable":true,"href":"https:\/\/scinawa.pl\/index.php\/wp-json\/wp\/v2\/media\/21519"}],"wp:attachment":[{"href":"https:\/\/scinawa.pl\/index.php\/wp-json\/wp\/v2\/media?parent=21516"}],"wp:term":[{"taxonomy":"category","embeddable":true,"href":"https:\/\/scinawa.pl\/index.php\/wp-json\/wp\/v2\/categories?post=21516"},{"taxonomy":"post_tag","embeddable":true,"href":"https:\/\/scinawa.pl\/index.php\/wp-json\/wp\/v2\/tags?post=21516"}],"curies":[{"name":"wp","href":"https:\/\/api.w.org\/{rel}","templated":true}]}}