{"id":21279,"date":"2020-03-15T17:20:36","date_gmt":"2020-03-15T16:20:36","guid":{"rendered":"http:\/\/nowa.scinawa.pl\/?p=21279"},"modified":"2020-03-15T17:20:36","modified_gmt":"2020-03-15T16:20:36","slug":"dla-darii-to-ostatnia-szansa","status":"publish","type":"post","link":"https:\/\/scinawa.pl\/index.php\/2020\/03\/15\/dla-darii-to-ostatnia-szansa\/","title":{"rendered":"Dla Darii to ostatnia szansa"},"content":{"rendered":"<p align=\"justify\"><strong>Ma 15 lat, ale nie wygl\u0105da jak dziewczynki w jej wieku. Choroba oszpeci\u0142a jej twarz i odebra\u0142a wzrok. \u2013 Dla nas najwa\u017cniejsze jest, \u017ce c\u00f3rka \u017cyje. Walk\u0119 o to \u017cycie toczymy niemal od pocz\u0105tku, przed nami kolejna bitwa, bo pojawi\u0142y si\u0119 przerzuty \u2013 m\u00f3wi mama Darii, dziewczynki, kt\u00f3ra potrzebuje pieni\u0119dzy na walk\u0119 z nowotworem.<\/strong><\/p>\n<p align=\"justify\">Daria pochodzi ze \u015acinawy. Dzi\u015b mieszka tam jej rodzina, w swoim rodzinnym mie\u015bcie dziewczynka sp\u0119dza tylko w weekendy. Od poniedzia\u0142ku do pi\u0105tku mieszka w internacie przy wroc\u0142awskiej szkole dla niewidomych. Bo rak odebra\u0142 Darii wzrok. \u2013 Zacz\u0119\u0142o si\u0119 kiedy c\u00f3reczka mia\u0142a osiem miesi\u0119cy. To wtedy pojawi\u0142 si\u0119 nowotw\u00f3r \u2013 siatk\u00f3wczak. Chemioterapia nie pomaga\u0142a, wi\u0119c konieczne by\u0142o usuni\u0119cie lewego oka \u2013 opowiada mama 15-latki.<\/p>\n<p align=\"justify\">Dziewczynk\u0119 zakwalifikowano do specjalnego leczenia, bo guzy pozosta\u0142y te\u017c w drugim oku. Uda\u0142o si\u0119, rak ust\u0105pi\u0142, ale skutkiem ubocznym by\u0142 wylew do oka, przez kt\u00f3ry Daria straci\u0142a wzrok. Nieodwracalnie.<\/p>\n<p align=\"justify\">Trzy lata temu rak powr\u00f3ci\u0142. Tym razem zaatakowa\u0142 powiek\u0119 dziewczynki. \u2013 Lekarze zdecydowali o usuni\u0119ciu powieki wraz z oczodo\u0142em. Kiedy rany si\u0119 zabli\u017ani\u0142y, ten jeden raz pomy\u015bleli\u015bmy, \u017ce dobrze, \u017ce Daria nie widzi\u2026 \u017be nie widzi, jak teraz wygl\u0105da \u2013 m\u00f3wi cicho mama nastolatki.<\/p>\n<p align=\"justify\">Ale zaraz si\u0119 o\u017cywia i opowiada jak wspania\u0142\u0105 dziewczynk\u0105 jest jej c\u00f3rka. \u2013 Jest chyba najbardziej radosna z ca\u0142ej mojej sz\u00f3stki dzieci \u2013 \u015bmieje si\u0119 kobieta. \u2013 Jest bardzo radosna, wsz\u0119dzie jej pe\u0142no, ma mn\u00f3stwo kole\u017canek, ci\u0105gle chce si\u0119 uczy\u0107 i poznawa\u0107 co\u015b nowego \u2013 u\u015bmiecha si\u0119.<\/p>\n<p align=\"justify\">Niestety pojawi\u0142y si\u0119 kolejne przerzuty. W ubieg\u0142ym roku rak przerzuci\u0142 si\u0119 na \u015bliniank\u0119 przeduszn\u0105 lew\u0105, w\u0119z\u0142y ch\u0142onne, przew\u00f3d s\u0142uchowy oraz staw skroniowo-\u017cuchwowy. Niestety lekarze stwierdzili, \u017ce wszystkie metody leczenia w Polsce zosta\u0142y ju\u017c wykorzystane. Rodzina zacz\u0119\u0142a wi\u0119c szuka\u0107 pomocy gdzie indziej. Nadziej\u0105 jest leczenie w Stanach Zjednoczonych, Dari\u0119 wst\u0119pnie zakwalifikowano na terapi\u0119. Ale przeszkod\u0105 s\u0105 ogromne koszty finansowe \u2013 koszt miesi\u0119cznej terapii to a\u017c 65 tysi\u0119cy dolar\u00f3w. \u2013 Dla nas kwota nie do ud\u017awigni\u0119cia \u2013 nie kryje mama 15-latki.<\/p>\n<p align=\"justify\">W internecie ruszy\u0142a zbi\u00f3rka dla dziewczynki: na stronie <span style=\"color: #ff0000;\"><strong><a style=\"color: #ff0000;\" href=\"https:\/\/pomagam.pl\/ratunekdarii?fbclid=IwAR12OTUWEsG4MkqBh5NYvi4u9a_WQ0YXBOMwtqw-uSvTtqDKuwIqotvp-4g\">pomagam.pl<\/a><\/strong><\/span> oraz na <span style=\"color: #ff0000;\"><strong><a style=\"color: #ff0000;\" href=\"https:\/\/www.facebook.com\/groups\/182915353005378\/\">facebooku<\/a><\/strong><\/span>, gdzie organizowane s\u0105 licytacje.<\/p>\n<p>\u0179r\u00f3d\u0142o: lubin.pl<br \/>\nFoto: archiwum rodziny<\/p>\n","protected":false},"excerpt":{"rendered":"<p>Ma 15 lat, ale nie wygl\u0105da jak dziewczynki w jej wieku. Choroba oszpeci\u0142a jej twarz i odebra\u0142a wzrok. \u2013 Dla<\/p>\n","protected":false},"author":3,"featured_media":21280,"comment_status":"open","ping_status":"open","sticky":false,"template":"","format":"standard","meta":{"ngg_post_thumbnail":0},"categories":[12,3],"tags":[802,171],"_links":{"self":[{"href":"https:\/\/scinawa.pl\/index.php\/wp-json\/wp\/v2\/posts\/21279"}],"collection":[{"href":"https:\/\/scinawa.pl\/index.php\/wp-json\/wp\/v2\/posts"}],"about":[{"href":"https:\/\/scinawa.pl\/index.php\/wp-json\/wp\/v2\/types\/post"}],"author":[{"embeddable":true,"href":"https:\/\/scinawa.pl\/index.php\/wp-json\/wp\/v2\/users\/3"}],"replies":[{"embeddable":true,"href":"https:\/\/scinawa.pl\/index.php\/wp-json\/wp\/v2\/comments?post=21279"}],"version-history":[{"count":1,"href":"https:\/\/scinawa.pl\/index.php\/wp-json\/wp\/v2\/posts\/21279\/revisions"}],"predecessor-version":[{"id":21281,"href":"https:\/\/scinawa.pl\/index.php\/wp-json\/wp\/v2\/posts\/21279\/revisions\/21281"}],"wp:featuredmedia":[{"embeddable":true,"href":"https:\/\/scinawa.pl\/index.php\/wp-json\/wp\/v2\/media\/21280"}],"wp:attachment":[{"href":"https:\/\/scinawa.pl\/index.php\/wp-json\/wp\/v2\/media?parent=21279"}],"wp:term":[{"taxonomy":"category","embeddable":true,"href":"https:\/\/scinawa.pl\/index.php\/wp-json\/wp\/v2\/categories?post=21279"},{"taxonomy":"post_tag","embeddable":true,"href":"https:\/\/scinawa.pl\/index.php\/wp-json\/wp\/v2\/tags?post=21279"}],"curies":[{"name":"wp","href":"https:\/\/api.w.org\/{rel}","templated":true}]}}