{"id":21088,"date":"2020-02-14T11:06:23","date_gmt":"2020-02-14T10:06:23","guid":{"rendered":"http:\/\/nowa.scinawa.pl\/?p=21088"},"modified":"2020-02-14T11:06:23","modified_gmt":"2020-02-14T10:06:23","slug":"ruszaja-zapisy-do-przedszkola-i-klasy-pierwszej","status":"publish","type":"post","link":"https:\/\/scinawa.pl\/index.php\/2020\/02\/14\/ruszaja-zapisy-do-przedszkola-i-klasy-pierwszej\/","title":{"rendered":"Ruszaj\u0105 zapisy do przedszkola i klasy pierwszej"},"content":{"rendered":"<p align=\"justify\"><strong>Niebawem rozpoczynaj\u0105 si\u0119 procedury rekrutacyjne do przedszkola oraz oddzia\u0142\u00f3w przedszkolnych i klas pierwszych szk\u00f3\u0142 podstawowych, prowadzonych przez Gmin\u0119 \u015acinawa w roku szkolnym 2020\/2021. Zach\u0119camy do zapoznania si\u0119 z obowi\u0105zuj\u0105cymi terminami post\u0119powania rekrutacyjnego.<\/strong><\/p>\n<p align=\"justify\"><a href=\"http:\/\/nowa.scinawa.pl\/wp-content\/uploads\/2020\/02\/Informacja-dla-rodzic\u00f3w-dot.-rekrutacji-2020-2021_page-0001-1.jpg\"><img decoding=\"async\" loading=\"lazy\" class=\"aligncenter size-full wp-image-21090\" src=\"http:\/\/nowa.scinawa.pl\/wp-content\/uploads\/2020\/02\/Informacja-dla-rodzic\u00f3w-dot.-rekrutacji-2020-2021_page-0001-1.jpg\" alt=\"\" width=\"1099\" height=\"1529\" srcset=\"https:\/\/scinawa.pl\/wp-content\/uploads\/2020\/02\/Informacja-dla-rodzic\u00f3w-dot.-rekrutacji-2020-2021_page-0001-1.jpg 1099w, https:\/\/scinawa.pl\/wp-content\/uploads\/2020\/02\/Informacja-dla-rodzic\u00f3w-dot.-rekrutacji-2020-2021_page-0001-1-216x300.jpg 216w, https:\/\/scinawa.pl\/wp-content\/uploads\/2020\/02\/Informacja-dla-rodzic\u00f3w-dot.-rekrutacji-2020-2021_page-0001-1-768x1068.jpg 768w, https:\/\/scinawa.pl\/wp-content\/uploads\/2020\/02\/Informacja-dla-rodzic\u00f3w-dot.-rekrutacji-2020-2021_page-0001-1-736x1024.jpg 736w, https:\/\/scinawa.pl\/wp-content\/uploads\/2020\/02\/Informacja-dla-rodzic\u00f3w-dot.-rekrutacji-2020-2021_page-0001-1-17x24.jpg 17w, https:\/\/scinawa.pl\/wp-content\/uploads\/2020\/02\/Informacja-dla-rodzic\u00f3w-dot.-rekrutacji-2020-2021_page-0001-1-26x36.jpg 26w, https:\/\/scinawa.pl\/wp-content\/uploads\/2020\/02\/Informacja-dla-rodzic\u00f3w-dot.-rekrutacji-2020-2021_page-0001-1-35x48.jpg 35w\" sizes=\"(max-width: 1099px) 100vw, 1099px\" \/><\/a><a href=\"http:\/\/nowa.scinawa.pl\/wp-content\/uploads\/2020\/02\/Informacja-dla-rodzic\u00f3w-dot.-rekrutacji-2020-2021_page-0002.jpg\"><img decoding=\"async\" loading=\"lazy\" class=\"aligncenter size-full wp-image-21091\" src=\"http:\/\/nowa.scinawa.pl\/wp-content\/uploads\/2020\/02\/Informacja-dla-rodzic\u00f3w-dot.-rekrutacji-2020-2021_page-0002.jpg\" alt=\"\" width=\"1099\" height=\"900\" srcset=\"https:\/\/scinawa.pl\/wp-content\/uploads\/2020\/02\/Informacja-dla-rodzic\u00f3w-dot.-rekrutacji-2020-2021_page-0002.jpg 1099w, https:\/\/scinawa.pl\/wp-content\/uploads\/2020\/02\/Informacja-dla-rodzic\u00f3w-dot.-rekrutacji-2020-2021_page-0002-300x246.jpg 300w, https:\/\/scinawa.pl\/wp-content\/uploads\/2020\/02\/Informacja-dla-rodzic\u00f3w-dot.-rekrutacji-2020-2021_page-0002-768x629.jpg 768w, https:\/\/scinawa.pl\/wp-content\/uploads\/2020\/02\/Informacja-dla-rodzic\u00f3w-dot.-rekrutacji-2020-2021_page-0002-1024x839.jpg 1024w, https:\/\/scinawa.pl\/wp-content\/uploads\/2020\/02\/Informacja-dla-rodzic\u00f3w-dot.-rekrutacji-2020-2021_page-0002-24x20.jpg 24w, https:\/\/scinawa.pl\/wp-content\/uploads\/2020\/02\/Informacja-dla-rodzic\u00f3w-dot.-rekrutacji-2020-2021_page-0002-36x29.jpg 36w, https:\/\/scinawa.pl\/wp-content\/uploads\/2020\/02\/Informacja-dla-rodzic\u00f3w-dot.-rekrutacji-2020-2021_page-0002-48x39.jpg 48w\" sizes=\"(max-width: 1099px) 100vw, 1099px\" \/><\/a><\/p>\n<p align=\"justify\"><strong>Harmonogram czynno\u015bci oraz kryteria rekrutacji w post\u0119powaniu rekrutacyjnym i post\u0119powaniu uzupe\u0142niaj\u0105cym na rok szkolny 2020\/2021 do plac\u00f3wek o\u015bwiatowych, dla kt\u00f3rych organem prowadz\u0105cym jest Gmina \u015acinawa okre\u015blaj\u0105:<\/strong><\/p>\n<p align=\"justify\"><span style=\"color: #ff0000;\"><strong><a style=\"color: #ff0000;\" href=\"http:\/\/nowa.scinawa.pl\/wp-content\/uploads\/2020\/02\/20200130142508743-1581355013.pdf\">Zarz\u0105dzenie Nr G\/13\/2020 Burmistrza \u015acinawy z dnia 23 stycznia 2020 r. w sprawie ustalenia harmonogramu czynno\u015bci w post\u0119powaniu rekrutacyjnym oraz post\u0119powaniu uzupe\u0142niaj\u0105cym na rok szkolny 2020\/2021 do przedszkoli, oddzia\u0142\u00f3w przedszkolnych w szko\u0142ach podstawowych i klas I szk\u00f3\u0142 podstawowych, dla kt\u00f3rych organem prowadz\u0105cym jest Gmina \u015acinawa.<\/a><\/strong><\/span><\/p>\n<p align=\"justify\"><a href=\"http:\/\/nowa.scinawa.pl\/wp-content\/uploads\/2019\/02\/akt1.pdf\"><span style=\"color: #ff0000;\"><strong>UCHWA\u0141A NR XXXVII\/237\/17 RADY MIEJSKIEJ W \u015aCINAWIE z dnia 30 marca 2017 r. w sprawie uchwalenia kryteri\u00f3w rekrutacji do publicznego przedszkola, oddzia\u0142\u00f3w przedszkolnych przy szko\u0142ach podstawowych oraz do pierwszych klas publicznych szk\u00f3\u0142 podstawowych na terenie gminy \u015acinawa og\u0142oszona w Dz. Urz. Woj. Doln. dnia 05.04.2017 r. poz.1659.<\/strong><\/span><\/a><\/p>\n<p align=\"justify\">Szczeg\u00f3\u0142owe informacje dotycz\u0105ce przeprowadzanej rekrutacji mo\u017cna uzyska\u0107 na stronach internetowych poszczeg\u00f3lnych plac\u00f3wek lub bezpo\u015brednio w sekretariacie wybranej szko\u0142y.<\/p>\n","protected":false},"excerpt":{"rendered":"<p>Niebawem rozpoczynaj\u0105 si\u0119 procedury rekrutacyjne do przedszkola oraz oddzia\u0142\u00f3w przedszkolnych i klas pierwszych szk\u00f3\u0142 podstawowych, prowadzonych przez Gmin\u0119 \u015acinawa w<\/p>\n","protected":false},"author":3,"featured_media":18939,"comment_status":"open","ping_status":"open","sticky":false,"template":"","format":"standard","meta":{"ngg_post_thumbnail":0},"categories":[12,3],"tags":[447,448,745,1231],"_links":{"self":[{"href":"https:\/\/scinawa.pl\/index.php\/wp-json\/wp\/v2\/posts\/21088"}],"collection":[{"href":"https:\/\/scinawa.pl\/index.php\/wp-json\/wp\/v2\/posts"}],"about":[{"href":"https:\/\/scinawa.pl\/index.php\/wp-json\/wp\/v2\/types\/post"}],"author":[{"embeddable":true,"href":"https:\/\/scinawa.pl\/index.php\/wp-json\/wp\/v2\/users\/3"}],"replies":[{"embeddable":true,"href":"https:\/\/scinawa.pl\/index.php\/wp-json\/wp\/v2\/comments?post=21088"}],"version-history":[{"count":4,"href":"https:\/\/scinawa.pl\/index.php\/wp-json\/wp\/v2\/posts\/21088\/revisions"}],"predecessor-version":[{"id":21097,"href":"https:\/\/scinawa.pl\/index.php\/wp-json\/wp\/v2\/posts\/21088\/revisions\/21097"}],"wp:featuredmedia":[{"embeddable":true,"href":"https:\/\/scinawa.pl\/index.php\/wp-json\/wp\/v2\/media\/18939"}],"wp:attachment":[{"href":"https:\/\/scinawa.pl\/index.php\/wp-json\/wp\/v2\/media?parent=21088"}],"wp:term":[{"taxonomy":"category","embeddable":true,"href":"https:\/\/scinawa.pl\/index.php\/wp-json\/wp\/v2\/categories?post=21088"},{"taxonomy":"post_tag","embeddable":true,"href":"https:\/\/scinawa.pl\/index.php\/wp-json\/wp\/v2\/tags?post=21088"}],"curies":[{"name":"wp","href":"https:\/\/api.w.org\/{rel}","templated":true}]}}