{"id":20745,"date":"2019-12-06T09:48:45","date_gmt":"2019-12-06T08:48:45","guid":{"rendered":"http:\/\/nowa.scinawa.pl\/?p=20745"},"modified":"2019-12-06T15:14:41","modified_gmt":"2019-12-06T14:14:41","slug":"wyroznienie-dla-fundacji-przystan","status":"publish","type":"post","link":"https:\/\/scinawa.pl\/index.php\/2019\/12\/06\/wyroznienie-dla-fundacji-przystan\/","title":{"rendered":"Wyr\u00f3\u017cnienie dla Fundacji \u201ePrzysta\u0144\u201d"},"content":{"rendered":"<p align=\"justify\"><strong>Po raz \u00f3smy we Wroc\u0142awiu wr\u0119czono wyr\u00f3\u017cnienia dla najlepszych dolno\u015bl\u0105skich organizacji pozarz\u0105dowych w ramach konkursu zDolne NGO. Podczas gali zosta\u0142o uhonorowanych kilkana\u015bcie firm i instytucji, kt\u00f3re charakteryzuj\u0105 si\u0119 wysokim poziomem us\u0142ug i podej\u015bciem do os\u00f3b niepe\u0142nosprawnych. W kategorii: Organizacje pozarz\u0105dowe dzia\u0142aj\u0105ce na rzecz aktywizacji spo\u0142ecznej os\u00f3b z niepe\u0142nosprawno\u015bciami wyr\u00f3\u017cnienie otrzyma\u0142a \u015bcinawska Fundacja \u201ePrzysta\u0144\u201d. Serdecznie gratulujemy!<\/strong><\/p>\n<p><strong>Kryteria wed\u0142ug kt\u00f3rych przyznawane by\u0142y nagrody:<\/strong><br \/>\n&#8211; nowatorstwo i innowacyjno\u015b\u0107 podj\u0119tych dzia\u0142a\u0144, a tak\u017ce ich trwa\u0142o\u015b\u0107 i cykliczno\u015b\u0107<br \/>\n&#8211; umiej\u0119tno\u015b\u0107 pozyskiwania \u015brodk\u00f3w finansowych i umiej\u0119tno\u015b\u0107 podejmowania wsp\u00f3\u0142pracy z partnerami biznesowymi, spo\u0142ecznymi i samorz\u0105dami<br \/>\n&#8211; zaanga\u017cowanie spo\u0142eczno\u015bci lokalnych w prowadzone dzia\u0142ania<\/p>\n<p><strong>Nagrodzeni w Konkursie zDolne NGO:<\/strong><\/p>\n<p><strong>Kategoria I: Organizacje pozarz\u0105dowe dzia\u0142aj\u0105ce na rzecz aktywizacji spo\u0142ecznej os\u00f3b<\/strong><br \/>\n<strong>z niepe\u0142nosprawno\u015bciami:<\/strong><br \/>\n1. Fundacja Promyk S\u0142o\u0144ca &#8211; laureat<br \/>\n<span style=\"color: #0000ff;\">2. Fundacja Przysta\u0144 w \u015acinawie\u00a0 &#8211; wyr\u00f3\u017cnienie<\/span><br \/>\n3. Fundacja Imago &#8211; wyr\u00f3\u017cnienie<br \/>\n4. Stowarzyszenie Amazonek i Os\u00f3b Z Chorob\u0105 Nowotworow\u0105 w Zgorzelcu &#8211; wyr\u00f3\u017cnienie<\/p>\n<p><strong>Kategoria II. Organizacje pozarz\u0105dowe dzia\u0142aj\u0105ce na rzecz aktywizacji zawodowej os\u00f3b<\/strong><br \/>\n<strong>z niepe\u0142nosprawno\u015bciami:<\/strong><br \/>\n1. Fundacja Eudajmonia \u2013 laureat<br \/>\n2. Karkonoski Sejmik Os\u00f3b Niepe\u0142nosprawnych &#8211; wyr\u00f3\u017cnienie<\/p>\n<p align=\"justify\"><strong>Wyr\u00f3\u017cnienie specjalne:<br \/>\n<\/strong>Stowarzyszenie Przyjaci\u00f3\u0142 i Rodzic\u00f3w Os\u00f3b Niepe\u0142nosprawnych \u201eR\u00f3wne Szanse\u201d dzia\u0142aj\u0105cego w Ramach Cechu Rzemios\u0142 oraz Ma\u0142ej i \u015aredniej Przedsi\u0119biorczo\u015bci.<\/p>\n<p align=\"justify\">Warto podkre\u015bli\u0107, \u017ce podczas niedawnej gali, zorganizowanej w ramach Powiatowego Dnia Wolontariatu (3 grudnia), wyr\u00f3\u017cnienia otrzymali doro\u015bli wolontariusze, kt\u00f3rzy dzia\u0142aj\u0105 na terenie powiatu lubi\u0144skiego i anga\u017cuj\u0105 si\u0119 w pomaganie lokalnej spo\u0142eczno\u015bci. Specjalne statuetki trafi\u0142y mi\u0119dzy innymi do prezes Fundacji \u201ePrzysta\u0144\u201d Doroty Gi\u017cewskiej oraz wieloletniego spo\u0142ecznika, a w przesz\u0142o\u015bci nauczycielki, Wandy Kucner.<\/p>\n<p align=\"justify\">\u0179r\u00f3d\u0142o: legnica.fm, nowa.scinawa.pl<br \/>\nFoto: Urz\u0105d Marsza\u0142kowski<\/p>\n","protected":false},"excerpt":{"rendered":"<p>Po raz \u00f3smy we Wroc\u0142awiu wr\u0119czono wyr\u00f3\u017cnienia dla najlepszych dolno\u015bl\u0105skich organizacji pozarz\u0105dowych w ramach konkursu zDolne NGO. Podczas gali zosta\u0142o<\/p>\n","protected":false},"author":3,"featured_media":20746,"comment_status":"open","ping_status":"open","sticky":false,"template":"","format":"standard","meta":{"ngg_post_thumbnail":0},"categories":[12,3],"tags":[188,1207],"_links":{"self":[{"href":"https:\/\/scinawa.pl\/index.php\/wp-json\/wp\/v2\/posts\/20745"}],"collection":[{"href":"https:\/\/scinawa.pl\/index.php\/wp-json\/wp\/v2\/posts"}],"about":[{"href":"https:\/\/scinawa.pl\/index.php\/wp-json\/wp\/v2\/types\/post"}],"author":[{"embeddable":true,"href":"https:\/\/scinawa.pl\/index.php\/wp-json\/wp\/v2\/users\/3"}],"replies":[{"embeddable":true,"href":"https:\/\/scinawa.pl\/index.php\/wp-json\/wp\/v2\/comments?post=20745"}],"version-history":[{"count":5,"href":"https:\/\/scinawa.pl\/index.php\/wp-json\/wp\/v2\/posts\/20745\/revisions"}],"predecessor-version":[{"id":20751,"href":"https:\/\/scinawa.pl\/index.php\/wp-json\/wp\/v2\/posts\/20745\/revisions\/20751"}],"wp:featuredmedia":[{"embeddable":true,"href":"https:\/\/scinawa.pl\/index.php\/wp-json\/wp\/v2\/media\/20746"}],"wp:attachment":[{"href":"https:\/\/scinawa.pl\/index.php\/wp-json\/wp\/v2\/media?parent=20745"}],"wp:term":[{"taxonomy":"category","embeddable":true,"href":"https:\/\/scinawa.pl\/index.php\/wp-json\/wp\/v2\/categories?post=20745"},{"taxonomy":"post_tag","embeddable":true,"href":"https:\/\/scinawa.pl\/index.php\/wp-json\/wp\/v2\/tags?post=20745"}],"curies":[{"name":"wp","href":"https:\/\/api.w.org\/{rel}","templated":true}]}}