{"id":20407,"date":"2019-10-15T14:17:23","date_gmt":"2019-10-15T12:17:23","guid":{"rendered":"http:\/\/nowa.scinawa.pl\/?p=20407"},"modified":"2019-10-15T14:17:23","modified_gmt":"2019-10-15T12:17:23","slug":"wspominamy-smierc-ksiedza-jerzego-popieluszki","status":"publish","type":"post","link":"https:\/\/scinawa.pl\/index.php\/2019\/10\/15\/wspominamy-smierc-ksiedza-jerzego-popieluszki\/","title":{"rendered":"Wspominamy \u015bmier\u0107 ksi\u0119dza Jerzego Popie\u0142uszki"},"content":{"rendered":"<p align=\"justify\"><strong>20 pa\u017adziernika 2019 o godz. 13:30 w ko\u015bciele p.w. \u015bw. Rodziny w Parszowicach b\u0119dzie mia\u0142a miejsce uroczysto\u015b\u0107 religijno-patriotyczna ku czci ks. Jerzego Popie\u0142uszki w 35. rocznic\u0119 jego m\u0119cze\u0144skiej \u015bmierci. W tym roku, ju\u017c po raz czternasty, wierni zgromadz\u0105 si\u0119, aby uczci\u0107 pami\u0119\u0107 b\u0142ogos\u0142awionego kap\u0142ana.<\/strong><\/p>\n<p align=\"justify\">Organizatorzy zaplanowali, \u017ce wprowadzeniem do uroczysto\u015bci b\u0119dzie prezentacja filmu dokumentalnego o Jerzym Popie\u0142uszce. Niespodziank\u0105, przygotowan\u0105 przez \u015bcinawski samorz\u0105d, b\u0119dzie tak\u017ce kr\u00f3tki film promocyjny o parszowickim ko\u015bciele. P\u00f3\u017aniej zostanie odprawiona msza pod przewodnictwem ks. Macieja Weso\u0142owskiego, po\u0142\u0105czona z uca\u0142owaniem relikwii b\u0142. kap\u0142ana. Po eucharystii przybyli go\u015bcie wys\u0142uchaj\u0105 programu s\u0142owno-muzycznego, a nast\u0119pnie obejrz\u0105 wystaw\u0119 plastyczno-fotograficzn\u0105, po\u015bwi\u0119con\u0105 \u017cyciu ksi\u0119dza, kt\u00f3ry zgin\u0105\u0142 m\u0119cze\u0144sk\u0105 \u015bmierci\u0105.<br \/>\nUroczysto\u015b\u0107 b\u0119dzie mia\u0142a tak\u017ce mi\u0142e akcenty, takim zapewne b\u0119dzie moment wr\u0119czenia nagr\u00f3d uczniom, kt\u00f3rzy wzi\u0119\u0142y udzia\u0142 w konkursie plastycznym, po\u015bwi\u0119conym b\u0142. ksi\u0119dzu Jerzemu. Dla przyby\u0142ych go\u015bci przygotowano tak\u017ce inne atrakcje, m.in. okazjonaln\u0105 pami\u0105tka. Przybyli mog\u0105 liczy\u0107 na pocz\u0119stunek oraz wsp\u00f3lne zdj\u0119cia. Nie zabraknie te\u017c specjalnych stoisk, sw\u00f3j udzia\u0142 zapowiedzia\u0142a Fundacja \u201ePrzysta\u0144\u201d ze \u015acinawy. Dla dzieci pojawi\u0105 si\u0119 okoliczni kramarze.<\/p>\n<p align=\"justify\">28 maja 1972 b\u0142. ks. Jerzy przyj\u0105\u0142 \u015bwi\u0119cenia z r\u0105k ksi\u0119dza kardyna\u0142a Stefana Wyszy\u0144skiego w Archikatedrze \u015bw. Jana w Warszawie, a ju\u017c 4 czerwca 1972 roku w ko\u015bciele w Parszowicach, razem ze swoim koleg\u0105 Bogdanem Liniewskim, odprawi\u0142 jedn\u0105 z pierwszych mszy tu\u017c po \u015bwi\u0119ceniach. O tym fakcie przypominaj\u0105 pami\u0105tkowe tablice w ko\u015bciele. Jerzy Popie\u0142uszko nie tylko by\u0142 ksi\u0119dzem, ale zagorza\u0142ym obro\u0144c\u0105 praw cz\u0142owieka w PRL, a tak\u017ce kapelanem warszawskiej \u201eSolidarno\u015bci\u201d, kt\u00f3ry odwa\u017cnie wspiera\u0142 prze\u015bladowanych robotnik\u00f3w. 19 pa\u017adziernika 1984 roku zosta\u0142 zamordowany.<br \/>\n28 maja 1972 b\u0142. ks. Jerzy przyj\u0105\u0142 \u015bwi\u0119cenia z r\u0105k ksi\u0119dza kardyna\u0142a Stefana Wyszy\u0144skiego w Archikatedrze \u015bw. Jana w Warszawie, a ju\u017c 4 czerwca 1972 roku w ko\u015bciele w Parszowicach, razem ze swoim koleg\u0105 Bogdanem Liniewskim, odprawi\u0142 jedn\u0105 z pierwszych mszy tu\u017c po \u015bwi\u0119ceniach. O tym fakcie przypominaj\u0105 pami\u0105tkowe tablice w ko\u015bciele. Jerzy Popie\u0142uszko nie tylko by\u0142 ksi\u0119dzem, ale zagorza\u0142ym obro\u0144c\u0105 praw cz\u0142owieka w PRL, a tak\u017ce kapelanem warszawskiej \u201eSolidarno\u015bci\u201d, kt\u00f3ry odwa\u017cnie wspiera\u0142 prze\u015bladowanych robotnik\u00f3w. 19 pa\u017adziernika 1984 roku zosta\u0142 zamordowany.<\/p>\n<p align=\"justify\">Natomiast od 2005 roku w ko\u015bciele w Parszowicach gromadz\u0105 si\u0119 licznie wierni, cz\u0142onkowie \u201eSolidarno\u015bci\u201d Zag\u0142\u0119bia Miedziowego oraz przedstawiciele wielu \u015brodowisk ludzi pracy, by uprasza\u0107 wstawiennictwo ks. Jerzego. 15 pa\u017adziernika 2010 roku ko\u015bci\u00f3\u0142 w Parszowicach otrzyma\u0142 na w\u0142asno\u015b\u0107 relikwi\u0119 ks. Jerzego Popie\u0142uszki, a w 2015 roku \u201eSolidarno\u015b\u0107\u201d Zag\u0142\u0119bia Miedziowego ufundowa\u0142a do ko\u015bcio\u0142a obraz b\u0142ogos\u0142awionego.<br \/>\nWarto wspomnie\u0107, \u017ce w Parszowicach nadal mieszkaj\u0105 osoby, kt\u00f3re osobi\u015bcie zna\u0142y i go\u015bci\u0142y w swoich domach b\u0142. ks. Jerzego. Z roku na roku uroczysto\u015bci i pami\u0119\u0107 o Jerzym Popie\u0142uszce przyci\u0105gaj\u0105 do Parszowic coraz wi\u0119cej ludzi. Organizowane s\u0105 piesze i rowerowe pielgrzymki, a wszystkim przy\u015bwieca jeden cel \u2013 odda\u0107 cz\u0119\u015b\u0107 temu wybitnemu kap\u0142anowi.<\/p>\n<p align=\"justify\">Na wsp\u00f3lne \u015bwi\u0119towanie rocznicy serdecznie zapraszaj\u0105: ksi\u0105dz proboszcz Grzegorz Ropiak wraz z parafianami.<\/p>\n<p align=\"justify\"><a href=\"http:\/\/nowa.scinawa.pl\/wp-content\/uploads\/2019\/10\/plakat-popie\u0142uszko-2019.jpg\"><img decoding=\"async\" loading=\"lazy\" class=\"aligncenter size-full wp-image-20408\" src=\"http:\/\/nowa.scinawa.pl\/wp-content\/uploads\/2019\/10\/plakat-popie\u0142uszko-2019.jpg\" alt=\"\" width=\"3543\" height=\"4996\" srcset=\"https:\/\/scinawa.pl\/wp-content\/uploads\/2019\/10\/plakat-popie\u0142uszko-2019.jpg 3543w, https:\/\/scinawa.pl\/wp-content\/uploads\/2019\/10\/plakat-popie\u0142uszko-2019-213x300.jpg 213w, https:\/\/scinawa.pl\/wp-content\/uploads\/2019\/10\/plakat-popie\u0142uszko-2019-768x1083.jpg 768w, https:\/\/scinawa.pl\/wp-content\/uploads\/2019\/10\/plakat-popie\u0142uszko-2019-726x1024.jpg 726w, https:\/\/scinawa.pl\/wp-content\/uploads\/2019\/10\/plakat-popie\u0142uszko-2019-17x24.jpg 17w, https:\/\/scinawa.pl\/wp-content\/uploads\/2019\/10\/plakat-popie\u0142uszko-2019-26x36.jpg 26w, https:\/\/scinawa.pl\/wp-content\/uploads\/2019\/10\/plakat-popie\u0142uszko-2019-34x48.jpg 34w\" sizes=\"(max-width: 3543px) 100vw, 3543px\" \/><\/a><\/p>\n","protected":false},"excerpt":{"rendered":"<p>20 pa\u017adziernika 2019 o godz. 13:30 w ko\u015bciele p.w. \u015bw. Rodziny w Parszowicach b\u0119dzie mia\u0142a miejsce uroczysto\u015b\u0107 religijno-patriotyczna ku czci<\/p>\n","protected":false},"author":3,"featured_media":20409,"comment_status":"open","ping_status":"open","sticky":false,"template":"","format":"standard","meta":{"ngg_post_thumbnail":0},"categories":[12,3],"tags":[205,206,368],"_links":{"self":[{"href":"https:\/\/scinawa.pl\/index.php\/wp-json\/wp\/v2\/posts\/20407"}],"collection":[{"href":"https:\/\/scinawa.pl\/index.php\/wp-json\/wp\/v2\/posts"}],"about":[{"href":"https:\/\/scinawa.pl\/index.php\/wp-json\/wp\/v2\/types\/post"}],"author":[{"embeddable":true,"href":"https:\/\/scinawa.pl\/index.php\/wp-json\/wp\/v2\/users\/3"}],"replies":[{"embeddable":true,"href":"https:\/\/scinawa.pl\/index.php\/wp-json\/wp\/v2\/comments?post=20407"}],"version-history":[{"count":1,"href":"https:\/\/scinawa.pl\/index.php\/wp-json\/wp\/v2\/posts\/20407\/revisions"}],"predecessor-version":[{"id":20410,"href":"https:\/\/scinawa.pl\/index.php\/wp-json\/wp\/v2\/posts\/20407\/revisions\/20410"}],"wp:featuredmedia":[{"embeddable":true,"href":"https:\/\/scinawa.pl\/index.php\/wp-json\/wp\/v2\/media\/20409"}],"wp:attachment":[{"href":"https:\/\/scinawa.pl\/index.php\/wp-json\/wp\/v2\/media?parent=20407"}],"wp:term":[{"taxonomy":"category","embeddable":true,"href":"https:\/\/scinawa.pl\/index.php\/wp-json\/wp\/v2\/categories?post=20407"},{"taxonomy":"post_tag","embeddable":true,"href":"https:\/\/scinawa.pl\/index.php\/wp-json\/wp\/v2\/tags?post=20407"}],"curies":[{"name":"wp","href":"https:\/\/api.w.org\/{rel}","templated":true}]}}