{"id":20243,"date":"2019-08-31T12:00:51","date_gmt":"2019-08-31T10:00:51","guid":{"rendered":"http:\/\/nowa.scinawa.pl\/?p=20243"},"modified":"2019-08-30T13:37:32","modified_gmt":"2019-08-30T11:37:32","slug":"rocznica-wybuchu-ii-wojny-swiatowej-2","status":"publish","type":"post","link":"https:\/\/scinawa.pl\/index.php\/2019\/08\/31\/rocznica-wybuchu-ii-wojny-swiatowej-2\/","title":{"rendered":"Rocznica wybuchu II wojny \u015bwiatowej"},"content":{"rendered":"<p align=\"justify\"><strong>W najbli\u017csz\u0105 niedziel\u0119 (1 wrze\u015bnia) przypada 80. rocznica napa\u015bci hitlerowskich Niemiec na Polsk\u0119, wybuchu II wojny \u015bwiatowej. Burmistrz Krystian Koszty\u0142a zaprasza mieszka\u0144c\u00f3w gminy \u015acinawa do wsp\u00f3lnego upami\u0119tnienia tych dramatycznych wydarze\u0144 i oddania ho\u0142du ofiarom dzia\u0142a\u0144 wojennych oraz bohaterom walcz\u0105cym w obronie Polski. Uroczysto\u015bci rozpocznie msza w intencji Ojczyzny \u2013 w Ko\u015bciele pw. Podwy\u017cszenia Krzy\u017ca \u015awi\u0119tego, po kt\u00f3rej nast\u0105pi przemarsz pod Pomnik Pami\u0119ci w \u015bcinawskim parku, a delegacje z\u0142o\u017c\u0105 kwiaty.<\/strong><\/p>\n<p align=\"justify\">\n<p align=\"justify\"><a href=\"http:\/\/nowa.scinawa.pl\/wp-content\/uploads\/2019\/08\/69809394_2622109941153837_1635727776306692096_n.jpg\"><img decoding=\"async\" loading=\"lazy\" class=\"aligncenter size-full wp-image-20245\" src=\"http:\/\/nowa.scinawa.pl\/wp-content\/uploads\/2019\/08\/69809394_2622109941153837_1635727776306692096_n.jpg\" alt=\"\" width=\"679\" height=\"960\" srcset=\"https:\/\/scinawa.pl\/wp-content\/uploads\/2019\/08\/69809394_2622109941153837_1635727776306692096_n.jpg 679w, https:\/\/scinawa.pl\/wp-content\/uploads\/2019\/08\/69809394_2622109941153837_1635727776306692096_n-212x300.jpg 212w, https:\/\/scinawa.pl\/wp-content\/uploads\/2019\/08\/69809394_2622109941153837_1635727776306692096_n-17x24.jpg 17w, https:\/\/scinawa.pl\/wp-content\/uploads\/2019\/08\/69809394_2622109941153837_1635727776306692096_n-25x36.jpg 25w, https:\/\/scinawa.pl\/wp-content\/uploads\/2019\/08\/69809394_2622109941153837_1635727776306692096_n-34x48.jpg 34w\" sizes=\"(max-width: 679px) 100vw, 679px\" \/><\/a><\/p>\n","protected":false},"excerpt":{"rendered":"<p>W najbli\u017csz\u0105 niedziel\u0119 (1 wrze\u015bnia) przypada 80. rocznica napa\u015bci hitlerowskich Niemiec na Polsk\u0119, wybuchu II wojny \u015bwiatowej. Burmistrz Krystian Koszty\u0142a<\/p>\n","protected":false},"author":3,"featured_media":20244,"comment_status":"open","ping_status":"open","sticky":false,"template":"","format":"standard","meta":{"ngg_post_thumbnail":0},"categories":[12,3],"tags":[1158],"_links":{"self":[{"href":"https:\/\/scinawa.pl\/index.php\/wp-json\/wp\/v2\/posts\/20243"}],"collection":[{"href":"https:\/\/scinawa.pl\/index.php\/wp-json\/wp\/v2\/posts"}],"about":[{"href":"https:\/\/scinawa.pl\/index.php\/wp-json\/wp\/v2\/types\/post"}],"author":[{"embeddable":true,"href":"https:\/\/scinawa.pl\/index.php\/wp-json\/wp\/v2\/users\/3"}],"replies":[{"embeddable":true,"href":"https:\/\/scinawa.pl\/index.php\/wp-json\/wp\/v2\/comments?post=20243"}],"version-history":[{"count":1,"href":"https:\/\/scinawa.pl\/index.php\/wp-json\/wp\/v2\/posts\/20243\/revisions"}],"predecessor-version":[{"id":20246,"href":"https:\/\/scinawa.pl\/index.php\/wp-json\/wp\/v2\/posts\/20243\/revisions\/20246"}],"wp:featuredmedia":[{"embeddable":true,"href":"https:\/\/scinawa.pl\/index.php\/wp-json\/wp\/v2\/media\/20244"}],"wp:attachment":[{"href":"https:\/\/scinawa.pl\/index.php\/wp-json\/wp\/v2\/media?parent=20243"}],"wp:term":[{"taxonomy":"category","embeddable":true,"href":"https:\/\/scinawa.pl\/index.php\/wp-json\/wp\/v2\/categories?post=20243"},{"taxonomy":"post_tag","embeddable":true,"href":"https:\/\/scinawa.pl\/index.php\/wp-json\/wp\/v2\/tags?post=20243"}],"curies":[{"name":"wp","href":"https:\/\/api.w.org\/{rel}","templated":true}]}}