{"id":20240,"date":"2019-08-30T15:00:27","date_gmt":"2019-08-30T13:00:27","guid":{"rendered":"http:\/\/nowa.scinawa.pl\/?p=20240"},"modified":"2019-08-30T15:21:59","modified_gmt":"2019-08-30T13:21:59","slug":"zapraszamy-na-koncert-wolnosci","status":"publish","type":"post","link":"https:\/\/scinawa.pl\/index.php\/2019\/08\/30\/zapraszamy-na-koncert-wolnosci\/","title":{"rendered":"Rocznica Zbrodni Lubi\u0144skiej i Koncert Wolno\u015bci"},"content":{"rendered":"<p align=\"justify\"><strong>W imieniu prezydenta Lubina Roberta Raczy\u0144skiego i starosty lubi\u0144skiego Adama Myrdy zapraszamy mieszka\u0144c\u00f3w gminy \u015acinawa na Koncert Wolno\u015bci, organizowany z okazju 37. rocznicy Zbrodni Lubi\u0144skiej. Koncert odb\u0119dzie si\u0119\u00a0w Hali\u00a0Widowiskowo &#8211; Sportowej\u00a0RCS w sobot\u0119 31 sierpnia. Impreza rozpocznie si\u0119 o godzinie 19:00, wst\u0119p wolny.<\/strong><\/p>\n<p align=\"justify\">Na scenie wyst\u0105pi\u0105 arty\u015bci znani z programu The Voice of Poland, jak\u00a0&#8222;Agnieszka Damrych&#8221; czy ze &#8222;\u015apiewajmy razem. All Together Now&#8221;\u00a0czyli\u00a0\u00a0\u00a0&#8222;Jimmy Salwin Siwak&#8221; oraz lokalne grupy muzyczne: &#8222;Postanowi\u0142em Zm\u0105drze\u0107&#8221; i &#8222;Jessica Merstein&#8221;.<br \/>\nGwiazd\u0105 wieczoru b\u0119dzie natomiast zesp\u00f3\u0142 &#8222;Perfect&#8221; z charyzmatycznym Grzegorzem Markowskim!<br \/>\nSama impreza rozpocznie si\u0119 o godzinie 19:00, natomiast od 18:00 mo\u017cna b\u0119dzie zajmowa\u0107 miejsca na widowni. Wcze\u015bniej, bo o godzinie 13 odprawiona zostanie msza w ko\u015bciele Matki Bo\u017cej Cz\u0119stochowskiej, po kt\u00f3rej wszyscy przejd\u0105 pod pomnik Solidarno\u015bci, gdzie z\u0142o\u017cone zostan\u0105 kwiaty.<\/p>\n<p align=\"justify\"><a href=\"http:\/\/nowa.scinawa.pl\/wp-content\/uploads\/2019\/08\/view.jpg\"><img decoding=\"async\" loading=\"lazy\" class=\"aligncenter size-full wp-image-20250\" src=\"http:\/\/nowa.scinawa.pl\/wp-content\/uploads\/2019\/08\/view.jpg\" alt=\"\" width=\"800\" height=\"510\" srcset=\"https:\/\/scinawa.pl\/wp-content\/uploads\/2019\/08\/view.jpg 800w, https:\/\/scinawa.pl\/wp-content\/uploads\/2019\/08\/view-300x191.jpg 300w, https:\/\/scinawa.pl\/wp-content\/uploads\/2019\/08\/view-768x490.jpg 768w, https:\/\/scinawa.pl\/wp-content\/uploads\/2019\/08\/view-24x15.jpg 24w, https:\/\/scinawa.pl\/wp-content\/uploads\/2019\/08\/view-36x23.jpg 36w, https:\/\/scinawa.pl\/wp-content\/uploads\/2019\/08\/view-48x31.jpg 48w\" sizes=\"(max-width: 800px) 100vw, 800px\" \/><\/a><\/p>\n","protected":false},"excerpt":{"rendered":"<p>W imieniu prezydenta Lubina Roberta Raczy\u0144skiego i starosty lubi\u0144skiego Adama Myrdy zapraszamy mieszka\u0144c\u00f3w gminy \u015acinawa na Koncert Wolno\u015bci, organizowany z<\/p>\n","protected":false},"author":3,"featured_media":20241,"comment_status":"open","ping_status":"open","sticky":false,"template":"","format":"standard","meta":{"ngg_post_thumbnail":0},"categories":[12,3],"tags":[320,1157,1156,368],"_links":{"self":[{"href":"https:\/\/scinawa.pl\/index.php\/wp-json\/wp\/v2\/posts\/20240"}],"collection":[{"href":"https:\/\/scinawa.pl\/index.php\/wp-json\/wp\/v2\/posts"}],"about":[{"href":"https:\/\/scinawa.pl\/index.php\/wp-json\/wp\/v2\/types\/post"}],"author":[{"embeddable":true,"href":"https:\/\/scinawa.pl\/index.php\/wp-json\/wp\/v2\/users\/3"}],"replies":[{"embeddable":true,"href":"https:\/\/scinawa.pl\/index.php\/wp-json\/wp\/v2\/comments?post=20240"}],"version-history":[{"count":3,"href":"https:\/\/scinawa.pl\/index.php\/wp-json\/wp\/v2\/posts\/20240\/revisions"}],"predecessor-version":[{"id":20251,"href":"https:\/\/scinawa.pl\/index.php\/wp-json\/wp\/v2\/posts\/20240\/revisions\/20251"}],"wp:featuredmedia":[{"embeddable":true,"href":"https:\/\/scinawa.pl\/index.php\/wp-json\/wp\/v2\/media\/20241"}],"wp:attachment":[{"href":"https:\/\/scinawa.pl\/index.php\/wp-json\/wp\/v2\/media?parent=20240"}],"wp:term":[{"taxonomy":"category","embeddable":true,"href":"https:\/\/scinawa.pl\/index.php\/wp-json\/wp\/v2\/categories?post=20240"},{"taxonomy":"post_tag","embeddable":true,"href":"https:\/\/scinawa.pl\/index.php\/wp-json\/wp\/v2\/tags?post=20240"}],"curies":[{"name":"wp","href":"https:\/\/api.w.org\/{rel}","templated":true}]}}