{"id":20197,"date":"2019-08-22T08:05:19","date_gmt":"2019-08-22T06:05:19","guid":{"rendered":"http:\/\/nowa.scinawa.pl\/?p=20197"},"modified":"2019-08-22T08:05:19","modified_gmt":"2019-08-22T06:05:19","slug":"wizyta-studyjna-dla-soltysek-i-soltysow","status":"publish","type":"post","link":"https:\/\/scinawa.pl\/index.php\/2019\/08\/22\/wizyta-studyjna-dla-soltysek-i-soltysow\/","title":{"rendered":"Wizyta studyjna dla so\u0142tysek i so\u0142tys\u00f3w"},"content":{"rendered":"<p align=\"justify\"><strong>Przedstawicielstwo Regionalne Komisji Europejskiej z siedzib\u0105 we Wroc\u0142awiu zaprasza so\u0142tyski i so\u0142tys\u00f3w wsi dolno\u015bl\u0105skich i opolskich do udzia\u0142u w wyje\u017adzie studyjnym do Brukseli, kt\u00f3ry odb\u0119dzie si\u0119 w dniach 30 wrze\u015bnia &#8211; 2 pa\u017adziernika 2019 r. Termin nadsy\u0142ania zg\u0142osze\u0144 up\u0142ywa 4 wrze\u015bnia 2019 r.<\/strong><\/p>\n<p style=\"text-align: center;\" align=\"justify\">Wyjazd studyjny do Brukseli dla so\u0142tysek i so\u0142tys\u00f3w organizowany przez Przedstawicielstwo Regionalne Komisji Europejskiej (PRKE).<\/p>\n<p align=\"justify\">Podczas wizyty uczestnicy zapoznaj\u0105 si\u0119 z dzia\u0142aniami Komisji Europejskiej oraz dowiedz\u0105 si\u0119 wi\u0119cej o podejmowanych przez ni\u0105 inicjatywach dotycz\u0105cych wsi i jej mieszka\u0144c\u00f3w.<\/p>\n<p align=\"justify\">Tematyka wyjazdu: Rola i funkcjonowanie Komisji Europejskiej; aktualne wyzwania UE; przysz\u0142o\u015b\u0107 wsp\u00f3lnej polityki rolnej; unijne programy rozwoju obszar\u00f3w wiejskich, polityka regionalna KE, ochrona \u015brodowiska i przeciwdzia\u0142anie zmianom klimatu na obszarach wiejskich.<\/p>\n<p><strong>UWAGA:<\/strong> Program wizyty jest w trakcie tworzenia, w zwi\u0105zku z tym poszczeg\u00f3lne zagadnienia mog\u0105 ulec zmianom.<br \/>\nInstytucje, w kt\u00f3rych planowane s\u0105 spotkania:\u00a0Komisja Europejska oraz Parlament Europejski.<\/p>\n<p align=\"justify\"><strong>Ramowy program:<\/strong><br \/>\n1. \u00a030\/09\/2019 (poniedzia\u0142ek) &#8211; spotkanie przedwyjazdowe w PRKE we Wroc\u0142awiu, wylot z Wroc\u0142awia po po\u0142udniu, zakwaterowanie w Brukseli.<br \/>\n2. \u00a001\/10\/2019 (wtorek) &#8211; ca\u0142y dzie\u0144 spotkania z przedstawicielami Komisji Europejskiej.<br \/>\n3. 02\/10\/2019 (\u015broda) &#8211; przed po\u0142udniem: spotkania z przedstawicielami Komisji Europejskiej oraz wizyta w Parlamencie Europejskim; po po\u0142udniu: wylot z Brukseli do Wroc\u0142awia.<\/p>\n<p>J\u0119zyk roboczy:\u00a0spotkania b\u0119d\u0105 prowadzone w j\u0119zyku polskim.<\/p>\n<p align=\"justify\"><strong>KWESTIE ORGANIZACYJNE<\/strong><br \/>\nKomisja Europejska pokrywa koszty podr\u00f3\u017cy do Brukseli i z powrotem, dw\u00f3ch nocleg\u00f3w oraz cz\u0119\u015bciowo koszty wy\u017cywienia. Organizatorzy nie gwarantuj\u0105 ubezpieczenia, dlatego te\u017c rekomenduje si\u0119 posiadanie karty EKUZ oraz ubezpieczenia od odpowiedzialno\u015bci cywilnej i ubezpieczenia baga\u017cu na czas wyjazdu.<\/p>\n<p align=\"justify\"><strong>ZG\u0141OSZENIA<\/strong><br \/>\nWype\u0142niony\u00a0formularz nale\u017cy przes\u0142a\u0107 do\u00a04 wrze\u015bnia 2019 r. godz. 12:00 na adres:<a href=\"mailto:COMM-REP-PL-WROCLAW@ec.europa.eu\">\u00a0COMM-REP-PL-WROCLAW@ec.europa.eu<\/a>.<\/p>\n<p><strong>Kryteria kwalifikacji:<\/strong><br \/>\n\u2022 wype\u0142nienie formularza zg\u0142oszeniowego, kt\u00f3ry nale\u017cy pobra\u0107: <span style=\"color: #ff0000;\"><a href=\"https:\/\/ec.europa.eu\/poland\/sites\/poland\/files\/docs\/formularz_zgloszeniowy_wyjazd_studyjny_1_1.pdf\"><strong><span style=\"color: #ff0000;\">TUTAJ<\/span><\/strong><\/a><span style=\"color: #000000;\">;<\/span><\/span><br \/>\n\u2022 zg\u0142oszona osoba musi mie\u0107 uko\u0144czone 18 lat;<br \/>\n\u2022 organizator zastrzega sobie prawo do ostatecznego wyboru uczestnik\u00f3w wyjazdu;<br \/>\n\u2022 pierwsze\u0144stwo udzia\u0142u b\u0119d\u0105 mia\u0142y osoby, kt\u00f3re nigdy nie uczestniczy\u0142y w podobnych wizytach.<br \/>\nLiczba miejsc: 24.<\/p>\n<p align=\"justify\">O zakwalifikowaniu si\u0119 na wyjazd studyjny uczestnicy zostan\u0105 poinformowani drog\u0105 mailow\u0105 i telefoniczn\u0105.<br \/>\nPytania prosz\u0119 kierowa\u0107 do:\u00a0Martyny Gacek-\u015awiecik\u00a0(<a href=\"mailto:MARTYNA.GACEK-SWIECIK@ext.ec.europa.eu\">MARTYNA.GACEK-SWIECIK@ext.ec.europa.eu<\/a>)\u00a0oraz Malwiny Ga\u0142\u0119zowskiej-Ra\u017any (<a href=\"mailto:MALWINA.GALEZOWSKA-RAZNY@ec.europa.eu\">MALWINA.GALEZOWSKA-RAZNY@ec.europa.eu<\/a>).<\/p>\n<p>\u0179r\u00f3d\u0142o: ec.europa.eu<\/p>\n","protected":false},"excerpt":{"rendered":"<p>Przedstawicielstwo Regionalne Komisji Europejskiej z siedzib\u0105 we Wroc\u0142awiu zaprasza so\u0142tyski i so\u0142tys\u00f3w wsi dolno\u015bl\u0105skich i opolskich do udzia\u0142u w wyje\u017adzie<\/p>\n","protected":false},"author":3,"featured_media":20198,"comment_status":"open","ping_status":"open","sticky":false,"template":"","format":"standard","meta":{"ngg_post_thumbnail":0},"categories":[12,3],"tags":[1149,1148,1151,1150],"_links":{"self":[{"href":"https:\/\/scinawa.pl\/index.php\/wp-json\/wp\/v2\/posts\/20197"}],"collection":[{"href":"https:\/\/scinawa.pl\/index.php\/wp-json\/wp\/v2\/posts"}],"about":[{"href":"https:\/\/scinawa.pl\/index.php\/wp-json\/wp\/v2\/types\/post"}],"author":[{"embeddable":true,"href":"https:\/\/scinawa.pl\/index.php\/wp-json\/wp\/v2\/users\/3"}],"replies":[{"embeddable":true,"href":"https:\/\/scinawa.pl\/index.php\/wp-json\/wp\/v2\/comments?post=20197"}],"version-history":[{"count":3,"href":"https:\/\/scinawa.pl\/index.php\/wp-json\/wp\/v2\/posts\/20197\/revisions"}],"predecessor-version":[{"id":20201,"href":"https:\/\/scinawa.pl\/index.php\/wp-json\/wp\/v2\/posts\/20197\/revisions\/20201"}],"wp:featuredmedia":[{"embeddable":true,"href":"https:\/\/scinawa.pl\/index.php\/wp-json\/wp\/v2\/media\/20198"}],"wp:attachment":[{"href":"https:\/\/scinawa.pl\/index.php\/wp-json\/wp\/v2\/media?parent=20197"}],"wp:term":[{"taxonomy":"category","embeddable":true,"href":"https:\/\/scinawa.pl\/index.php\/wp-json\/wp\/v2\/categories?post=20197"},{"taxonomy":"post_tag","embeddable":true,"href":"https:\/\/scinawa.pl\/index.php\/wp-json\/wp\/v2\/tags?post=20197"}],"curies":[{"name":"wp","href":"https:\/\/api.w.org\/{rel}","templated":true}]}}