{"id":20175,"date":"2019-08-19T14:15:59","date_gmt":"2019-08-19T12:15:59","guid":{"rendered":"http:\/\/nowa.scinawa.pl\/?p=20175"},"modified":"2019-08-19T14:15:59","modified_gmt":"2019-08-19T12:15:59","slug":"pilotazowy-program-aktywny-samorzad","status":"publish","type":"post","link":"https:\/\/scinawa.pl\/index.php\/2019\/08\/19\/pilotazowy-program-aktywny-samorzad\/","title":{"rendered":"Pilota\u017cowy program \u201eAktywny Samorz\u0105d\u201d"},"content":{"rendered":"<p align=\"justify\"><strong>W zwi\u0105zku z realizacj\u0105 pilota\u017cowego programu \u201eAktywny Samorz\u0105d\u201d w roku 2019, finansowanego ze \u015brodk\u00f3w Pa\u0144stwowego Funduszu Rehabilitacji Os\u00f3b Niepe\u0142nosprawnych, Powiatowe Centrum Pomocy Rodzinie aktywizuje niepe\u0142nosprawnych mieszka\u0144c\u00f3w do dzia\u0142ania. Celem g\u0142\u00f3wnym w\/w programu jest wyeliminowanie lub zmniejszenie barier ograniczaj\u0105cych uczestnictwo os\u00f3b niepe\u0142nosprawnych w \u017cyciu spo\u0142ecznym, zawodowym i w dost\u0119pie do edukacji.<\/strong><\/p>\n<p align=\"justify\"><strong>Cele szczeg\u00f3\u0142owe programu:<\/strong><br \/>\n1. przygotowanie beneficjent\u00f3w programu z zaburzeniami ruchu, s\u0142uchu i percepcji wzrokowej do pe\u0142nienia r\u00f3\u017cnych r\u00f3l spo\u0142ecznych poprzez umo\u017cliwienie im w\u0142\u0105czenia si\u0119 do tworz\u0105cego si\u0119 spo\u0142ecze\u0144stwa informacyjnego,<br \/>\n2. przygotowanie beneficjent\u00f3w programu do aktywizacji spo\u0142ecznej, zawodowej lub wsparcie w utrzymaniu zatrudnienia poprzez likwidacj\u0119 lub ograniczenie barier w poruszaniu si\u0119 oraz barier transportowych,<br \/>\n3. umo\u017cliwianie beneficjentom programu aktywizacji zawodowej poprzez zastosowanie element\u00f3w wspieraj\u0105cych ich zatrudnienie,<br \/>\n4. poprawa szans beneficjent\u00f3w programu na rywalizacj\u0119 o zatrudnienie na otwartym rynku pracy poprzez podwy\u017cszanie kwalifikacji.<\/p>\n<p><strong>Terminy sk\u0142adania wniosk\u00f3w w roku 2019:<\/strong><br \/>\nMODU\u0141 II \u2013 I p\u00f3\u0142rocze \u2013 do dnia 31 marca\u00a02019 r.<br \/>\nMODU\u0141 II \u2013 II p\u00f3\u0142rocze \u2013 do dnia 10 pa\u017adziernika 2019 r.<br \/>\nMODU\u0141 I \u2013 do dnia 31 sierpnia 2019 r.<br \/>\nWi\u0119cej informacji na stronie Powiatowego Centrum Pomocy Rodzinie w Lubinie:<span style=\"color: #ff0000;\"><strong> <a style=\"color: #ff0000;\" href=\"https:\/\/pcpr.powiat-lubin.pl\/rehabilitacja\/aktywny-samorzad\/\">TUTAJ<\/a><\/strong><\/span>.<\/p>\n","protected":false},"excerpt":{"rendered":"<p>W zwi\u0105zku z realizacj\u0105 pilota\u017cowego programu \u201eAktywny Samorz\u0105d\u201d w roku 2019, finansowanego ze \u015brodk\u00f3w Pa\u0144stwowego Funduszu Rehabilitacji Os\u00f3b Niepe\u0142nosprawnych, Powiatowe<\/p>\n","protected":false},"author":3,"featured_media":20176,"comment_status":"open","ping_status":"open","sticky":false,"template":"","format":"standard","meta":{"ngg_post_thumbnail":0},"categories":[12,3],"tags":[1144,186,1145],"_links":{"self":[{"href":"https:\/\/scinawa.pl\/index.php\/wp-json\/wp\/v2\/posts\/20175"}],"collection":[{"href":"https:\/\/scinawa.pl\/index.php\/wp-json\/wp\/v2\/posts"}],"about":[{"href":"https:\/\/scinawa.pl\/index.php\/wp-json\/wp\/v2\/types\/post"}],"author":[{"embeddable":true,"href":"https:\/\/scinawa.pl\/index.php\/wp-json\/wp\/v2\/users\/3"}],"replies":[{"embeddable":true,"href":"https:\/\/scinawa.pl\/index.php\/wp-json\/wp\/v2\/comments?post=20175"}],"version-history":[{"count":2,"href":"https:\/\/scinawa.pl\/index.php\/wp-json\/wp\/v2\/posts\/20175\/revisions"}],"predecessor-version":[{"id":20178,"href":"https:\/\/scinawa.pl\/index.php\/wp-json\/wp\/v2\/posts\/20175\/revisions\/20178"}],"wp:featuredmedia":[{"embeddable":true,"href":"https:\/\/scinawa.pl\/index.php\/wp-json\/wp\/v2\/media\/20176"}],"wp:attachment":[{"href":"https:\/\/scinawa.pl\/index.php\/wp-json\/wp\/v2\/media?parent=20175"}],"wp:term":[{"taxonomy":"category","embeddable":true,"href":"https:\/\/scinawa.pl\/index.php\/wp-json\/wp\/v2\/categories?post=20175"},{"taxonomy":"post_tag","embeddable":true,"href":"https:\/\/scinawa.pl\/index.php\/wp-json\/wp\/v2\/tags?post=20175"}],"curies":[{"name":"wp","href":"https:\/\/api.w.org\/{rel}","templated":true}]}}