{"id":20147,"date":"2019-08-13T14:49:34","date_gmt":"2019-08-13T12:49:34","guid":{"rendered":"http:\/\/nowa.scinawa.pl\/?p=20147"},"modified":"2019-08-13T14:49:34","modified_gmt":"2019-08-13T12:49:34","slug":"ligowcy-wracaja-na-boiska-terminarze","status":"publish","type":"post","link":"https:\/\/scinawa.pl\/index.php\/2019\/08\/13\/ligowcy-wracaja-na-boiska-terminarze\/","title":{"rendered":"Ligowcy wracaj\u0105 na boiska (terminarze)"},"content":{"rendered":"<p align=\"justify\"><strong>W najbli\u017cszy czwartek (15 sierpnia) do gry po wakacyjnej przerwie powr\u00f3c\u0105 pi\u0142karze z ni\u017cszych klas rozgrywkowych. Gmin\u0119 \u015acinawa w sezonie 2019\/2020 reprezentowa\u0142y b\u0119d\u0105 4 dru\u017cyny. Odra-Total \u015acinawa zagra w IV lidze, z kolei: Sparta Parszowice, Czarni Dziewin i Grom Gromadzy\u0144-Wielowie\u015b wyst\u0119powa\u0142y b\u0119d\u0105 w A-klasie. Poni\u017cej terminarze rozgrywek na rund\u0119 jesienn\u0105. Uwaga: godziny rozgrywania mecz\u00f3w mog\u0105 ulec zmianie, a terminarz A-klasy nie zosta\u0142 w ca\u0142o\u015bci uszczeg\u00f3\u0142owiony.<\/strong><\/p>\n<p><strong>IV liga \u2013 Odra-Total \u015acinawa (jesie\u0144 2019)<\/strong><\/p>\n<p>15.08 (17:00) Odra-Total \u015acinawa \u2013 Sparta Gr\u0119bocice<br \/>\n17.08 (15:00) Karkonosze Jelenia G\u00f3ra \u2013 Odra-Total \u015acinawa<br \/>\n25.08 (17:00) Odra-Total \u015acinawa \u2013 Stal Chocian\u00f3w<br \/>\n31.08 (17:00) G\u00f3rnik Z\u0142otoryja \u2013 Odra-Total \u015acinawa<br \/>\n08.09 (16:00) Odra-Total \u015acinawa \u2013 Chrobry II G\u0142og\u00f3w<br \/>\n14.09 (16:00) Apis J\u0119drzychowice \u2013 Odra-Total \u015acinawa<br \/>\n22.09 (16:00) Odra-Total \u015acinawa \u2013 Gryf Gryf\u00f3w<br \/>\n28.09 (16:00) Legnickie Pole \u2013 Odra-Total \u015acinawa<br \/>\n06.10 (15:00) Odra-Total \u015acinawa \u2013 Ku\u017ania Jawor<br \/>\n12.10 (15:00) Lotnik Je\u017c\u00f3w Sudecki \u2013 Odra-Total \u015acinawa<br \/>\n20.10 (15:00) Odra-Total \u015acinawa \u2013 Orla W\u0105sosz<br \/>\n27.10 (15:00) Orkan Szczedrzykowice \u2013 Odra-Total \u015acinawa<br \/>\n03.11 (14:00) Odra-Total \u015acinawa \u2013 AKS Granit Strzegom SA<br \/>\n10.11 (14:00) Odra-Total \u015acinawa \u2013 Prochowiczanka Prochowice<br \/>\n26.11 (13:30) Sparta Rudna \u2013 Odra-Total \u015acinawa<\/p>\n<p><strong>A-klasa \u2013 Sparta Parszowice (jesie\u0144 2019)<\/strong><\/p>\n<p>15.08 (17:00) Sparta Parszowice \u2013 B\u0142\u0119kitni Koskowice<br \/>\n18.08 (14:00) Bazalt Piotrowice \u2013 Sparta Parszowice<br \/>\n24.08 (16:00) Sparta Parszowice \u2013 Kaczawa II Bieniowice<br \/>\n31.08 (17:00) T\u0119cza Kwietno \u2013 Sparta Parszowice<br \/>\n08.09 (?????) Sparta Parszowice \u2013 Albatros Ja\u015bkowice<br \/>\n15.09 (?????) Sparta Parszowice \u2013 Park Targoszyn<br \/>\n22.09 (?????) Orze\u0142 Miko\u0142ajowice \u2013 Sparta Parszowice<br \/>\n29.09 (?????) Sparta Parszowice LZS Wilki R\u00f3\u017cana<br \/>\n06.10 (?????) KS Winnica \u2013 Sparta Parszowice<br \/>\n13.10 (?????) Sparta Parszowice \u2013 KS K\u0142opot\u00f3w Osiek<br \/>\n20.10 (?????) Unia Mi\u0142oradzice \u2013 Sparta Parszowice<br \/>\n27.10 (?????) Sparta Parszowice Grom Gromadzy\u0144-Wielowie\u015b<br \/>\n03.11 (?????) D\u0105b Stowarzyszenie Siedliska \u2013 Sparta Parszowice<br \/>\n10.11 (?????) Sparta Parszowice \u2013 Czarni Dziewin<br \/>\n17.11 (?????) B\u0142\u0119kitni LEGSAD Ko\u015bcielec \u2013 Sparta Parszowice<\/p>\n<p><strong>A-klasa \u2013 Czarni Dziewin (jesie\u0144 2019)<\/strong><\/p>\n<p>15.08 (17:00) Orze\u0142 Miko\u0142ajowice \u2013 Czarni Dziewin<br \/>\n18.08 (14:00) Czarni Dziewin \u2013 LZS Wilki R\u00f3\u017cana<br \/>\n24.08 (16:00) KS Winnica \u2013 Czarni Dziewin<br \/>\n01.09 (?????) Czarni Dziewin \u2013 KS K\u0142opot\u00f3w Osiek<br \/>\n08.09 (?????) Unia Mi\u0142oradzice \u2013 Czarni Dziewin<br \/>\n15.09 (?????) Czarni Dziewin \u2013 Grom Gromadzy\u0144-Wielowie\u015b<br \/>\n22.09 (?????) D\u0105b Stowarzyszenie Siedliska \u2013 Czarni Dziewin<br \/>\n29.10 (?????) Albatros Ja\u015bkowice \u2013 Czarni Dziewin<br \/>\n02.10 (?????) Czarni Dziewin \u2013 B\u0142\u0119kitni LEGSAG Ko\u015bcielec<br \/>\n13.10 (?????) B\u0142\u0119kitni Koskowice \u2013 Czarni Dziewin<br \/>\n20.10 (?????) Czarni Dziewin \u2013 Bazalt Piotrowice<br \/>\n27.10 (?????) Kaczawa II Bieniowice \u2013 Czarni Dziewin<br \/>\n03.11 (?????) Czarni Dziewin \u2013 T\u0119cza Kwietno<br \/>\n10.11 (?????) Sparta Parszowice \u2013 Czarni Dziwin<br \/>\n17.11 (?????) Czarni Dziewin \u2013 Park Targoszyn<\/p>\n<p><strong>A-klasa \u2013 Grom Gromadzy\u0144-Wielowie\u015b<\/strong><\/p>\n<p>15.08 (17:00) Grom Gromadzy\u0144-Wielowie\u015b \u2013 KS Winnica<br \/>\n17.08 (16:00) Grom Gromadzy\u0144-Wielowie\u015b \u2013 KS K\u0142opot\u00f3w Osiek<br \/>\n25.08 (14:00) Unia Mi\u0142oradzice \u2013 Grom Gromadzy\u0144-Wielowie\u015b<br \/>\n31.08 (16:00) Albatros Ja\u015bkowice \u2013 Grom Gromadzy\u0144-Wielowie\u015b<br \/>\n08.09 (?????) Grom Gromadzy\u0144-Wielowie\u015b \u2013 D\u0105b Stowarzyszenie Siedliska<br \/>\n15.09 (?????) Czarni Dziewin \u2013 Grom Gromadzy\u0144-Wielowie\u015b<br \/>\n22.09 (?????) Grom Gromadzy\u0144-Wielowie\u015b \u2013 B\u0142\u0119kitni LEGSAD Ko\u015bcielec<br \/>\n29.09 (?????) B\u0142\u0119kitni Koskowice \u2013 Grom Gromadzy\u0144-Wielowie\u015b<br \/>\n06.10 (?????) Grom Gromadzy\u0144-Wielowie\u015b \u2013 Bazalt Piotrowice<br \/>\n13.10 (?????) Kaczawa II Bieniowice \u2013 Grom Gromadzy\u0144-Wielowie\u015b<br \/>\n20.10 (?????) Grom Gromadzy\u0144-Wielowie\u015b \u2013 T\u0119cza Kwietno<br \/>\n27.10 (?????) Sparta Parszowice Grom Gromadzy\u0144-Wielowie\u015b<br \/>\n03.11 (?????) Grom Gromadzy\u0144-Wielowie\u015b \u2013 Park Targoszyn<br \/>\n10.11 (?????) Orze\u0142 Miko\u0142ajowice \u2013 Grom Gromadzy\u0144-Wielowie\u015b<br \/>\n17.11 (?????) Grom Gromadzy\u0144-Wielowie\u015b \u2013 LZS Wilki R\u00f3\u017cana<\/p>\n","protected":false},"excerpt":{"rendered":"<p>W najbli\u017cszy czwartek (15 sierpnia) do gry po wakacyjnej przerwie powr\u00f3c\u0105 pi\u0142karze z ni\u017cszych klas rozgrywkowych. Gmin\u0119 \u015acinawa w sezonie<\/p>\n","protected":false},"author":3,"featured_media":20148,"comment_status":"open","ping_status":"open","sticky":false,"template":"","format":"standard","meta":{"ngg_post_thumbnail":0},"categories":[12,15],"tags":[1142,65,82,1141,112,61,66],"_links":{"self":[{"href":"https:\/\/scinawa.pl\/index.php\/wp-json\/wp\/v2\/posts\/20147"}],"collection":[{"href":"https:\/\/scinawa.pl\/index.php\/wp-json\/wp\/v2\/posts"}],"about":[{"href":"https:\/\/scinawa.pl\/index.php\/wp-json\/wp\/v2\/types\/post"}],"author":[{"embeddable":true,"href":"https:\/\/scinawa.pl\/index.php\/wp-json\/wp\/v2\/users\/3"}],"replies":[{"embeddable":true,"href":"https:\/\/scinawa.pl\/index.php\/wp-json\/wp\/v2\/comments?post=20147"}],"version-history":[{"count":1,"href":"https:\/\/scinawa.pl\/index.php\/wp-json\/wp\/v2\/posts\/20147\/revisions"}],"predecessor-version":[{"id":20149,"href":"https:\/\/scinawa.pl\/index.php\/wp-json\/wp\/v2\/posts\/20147\/revisions\/20149"}],"wp:featuredmedia":[{"embeddable":true,"href":"https:\/\/scinawa.pl\/index.php\/wp-json\/wp\/v2\/media\/20148"}],"wp:attachment":[{"href":"https:\/\/scinawa.pl\/index.php\/wp-json\/wp\/v2\/media?parent=20147"}],"wp:term":[{"taxonomy":"category","embeddable":true,"href":"https:\/\/scinawa.pl\/index.php\/wp-json\/wp\/v2\/categories?post=20147"},{"taxonomy":"post_tag","embeddable":true,"href":"https:\/\/scinawa.pl\/index.php\/wp-json\/wp\/v2\/tags?post=20147"}],"curies":[{"name":"wp","href":"https:\/\/api.w.org\/{rel}","templated":true}]}}