{"id":20057,"date":"2019-08-01T09:13:21","date_gmt":"2019-08-01T07:13:21","guid":{"rendered":"http:\/\/nowa.scinawa.pl\/?p=20057"},"modified":"2019-08-01T11:36:35","modified_gmt":"2019-08-01T09:36:35","slug":"oddajemy-hold-bohaterom-2","status":"publish","type":"post","link":"https:\/\/scinawa.pl\/index.php\/2019\/08\/01\/oddajemy-hold-bohaterom-2\/","title":{"rendered":"Oddajemy ho\u0142d bohaterom"},"content":{"rendered":"<p align=\"justify\"><strong>Dzi\u015b przypada 75. rocznica powstania warszawskiego. Przez ca\u0142y dzie\u0144 odbywa\u0107 si\u0119 b\u0119d\u0105 uroczysto\u015bci upami\u0119tniaj\u0105ce walcz\u0105cych i poleg\u0142ych w zrywie niepodleg\u0142o\u015bciowym bohater\u00f3w. Kulminacyjny moment to oczywi\u015bcie \u201eGodzina W\u201d, o 17:00 w ca\u0142ym kraju zawyj\u0105 syreny alarmowe. Tradycyjnie pod tablicami pami\u0119ci przy ul. Pruzi w Lubinie zbior\u0105 si\u0119 mieszka\u0144cy, a w\u0142adze powiatu na czele ze starost\u0105 Adamem Myrd\u0105 zapraszaj\u0105 wszystkich do wzi\u0119cia udzia\u0142u w organizowanych uroczysto\u015bciach. Sw\u00f3j udzia\u0142 w powiatowych uroczysto\u015bciach zapowiedzieli reprezentanci \u015bcinawskiego samorz\u0105du, ho\u0142d powsta\u0144com odda m.in. burmistrz Krystian Koszty\u0142a.<\/strong><\/p>\n","protected":false},"excerpt":{"rendered":"<p>Dzi\u015b przypada 75. rocznica powstania warszawskiego. Przez ca\u0142y dzie\u0144 odbywa\u0107 si\u0119 b\u0119d\u0105 uroczysto\u015bci upami\u0119tniaj\u0105ce walcz\u0105cych i poleg\u0142ych w zrywie niepodleg\u0142o\u015bciowym<\/p>\n","protected":false},"author":3,"featured_media":20058,"comment_status":"open","ping_status":"open","sticky":false,"template":"","format":"standard","meta":{"ngg_post_thumbnail":0},"categories":[12],"tags":[509,1131,784,632,368],"_links":{"self":[{"href":"https:\/\/scinawa.pl\/index.php\/wp-json\/wp\/v2\/posts\/20057"}],"collection":[{"href":"https:\/\/scinawa.pl\/index.php\/wp-json\/wp\/v2\/posts"}],"about":[{"href":"https:\/\/scinawa.pl\/index.php\/wp-json\/wp\/v2\/types\/post"}],"author":[{"embeddable":true,"href":"https:\/\/scinawa.pl\/index.php\/wp-json\/wp\/v2\/users\/3"}],"replies":[{"embeddable":true,"href":"https:\/\/scinawa.pl\/index.php\/wp-json\/wp\/v2\/comments?post=20057"}],"version-history":[{"count":3,"href":"https:\/\/scinawa.pl\/index.php\/wp-json\/wp\/v2\/posts\/20057\/revisions"}],"predecessor-version":[{"id":20061,"href":"https:\/\/scinawa.pl\/index.php\/wp-json\/wp\/v2\/posts\/20057\/revisions\/20061"}],"wp:featuredmedia":[{"embeddable":true,"href":"https:\/\/scinawa.pl\/index.php\/wp-json\/wp\/v2\/media\/20058"}],"wp:attachment":[{"href":"https:\/\/scinawa.pl\/index.php\/wp-json\/wp\/v2\/media?parent=20057"}],"wp:term":[{"taxonomy":"category","embeddable":true,"href":"https:\/\/scinawa.pl\/index.php\/wp-json\/wp\/v2\/categories?post=20057"},{"taxonomy":"post_tag","embeddable":true,"href":"https:\/\/scinawa.pl\/index.php\/wp-json\/wp\/v2\/tags?post=20057"}],"curies":[{"name":"wp","href":"https:\/\/api.w.org\/{rel}","templated":true}]}}