{"id":19849,"date":"2019-06-29T10:00:24","date_gmt":"2019-06-29T08:00:24","guid":{"rendered":"http:\/\/nowa.scinawa.pl\/?p=19849"},"modified":"2019-06-29T21:44:57","modified_gmt":"2019-06-29T19:44:57","slug":"jubileusz-ksiedza-bogdana-kaczorowskiego","status":"publish","type":"post","link":"https:\/\/scinawa.pl\/index.php\/2019\/06\/29\/jubileusz-ksiedza-bogdana-kaczorowskiego\/","title":{"rendered":"Jubileusz ksi\u0119dza Bogdana Kaczorowskiego"},"content":{"rendered":"<p align=\"justify\"><strong>W najbli\u017csz\u0105 niedziel\u0119 o godzinie 12:30 w Ko\u015bciele pw. Krzy\u017ca \u015awi\u0119tego w \u015acinawie odprawiona zostanie msza dzi\u0119kczynna z okazji 50-lecia pos\u0142ugi kap\u0142a\u0144skiej d\u0142ugoletniego proboszcza naszej parafii. Liturgii przewodniczy\u0142 b\u0119dzie sam pra\u0142at Bogdan Kaczorowski, kt\u00f3ry obchodzi pi\u0119kny jubileusz. Zapraszamy do uczestnictwa w nabo\u017ce\u0144stwie!<\/strong><\/p>\n<p align=\"justify\">Przypominamy, \u017ce pra\u0142at Bogdan Kaczorowski pe\u0142ni\u0142 funkcj\u0119 proboszcza parafii w \u015acinawie przez 26 lat. Obecnie ksi\u0105dz jest rezydentem legnickiej wsp\u00f3lnoty, tak\u017ce pw. Podwy\u017cszenia Krzy\u017ca \u015awi\u0119tego. W minion\u0105 sobot\u0119, w\u0142a\u015bnie w Legnicy, pra\u0142at Kaczorowski przewodniczy\u0142 mszy dzi\u0119kczynnej z okazji swojego jubileuszu. Wraz z nim modlili si\u0119 kap\u0142ani z parafii, znajomi i przyjaciele \u2013 r\u00f3wnie\u017c ze \u015acinawy. Przypomniano w\u00f3wczas, \u017ce ksi\u0105dz pra\u0142at Kaczorowski przyj\u0105\u0142 \u015bwi\u0119cenia 21 czerwca 1969 roku w katedrze pw. Jana Chrzciciela we Wroc\u0142awiu. Przez nast\u0119pne lata pracowa\u0142 m.in. w Legnicy, Wa\u0142brzychu i O\u0142awie. P\u00f3\u017aniej, ju\u017c jako proboszcz, pracowa\u0142 w Leszczy\u0144cu, a ostatnie 26 lat sp\u0119dzi\u0142 w \u015acinawie.<\/p>\n<p align=\"justify\">Wi\u0119cej o wydarzeniu z minionego tygodnia: <a href=\"https:\/\/legnica.gosc.pl\/doc\/5671436.50-lat-kaplanstwa-ks-Bogdana-Kaczorowskiego\">https:\/\/legnica.gosc.pl\/doc\/5671436.50-lat-kaplanstwa-ks-Bogdana-Kaczorowskiego<\/a><\/p>\n<p>Foto: www.legnica.gosc.pl<\/p>\n","protected":false},"excerpt":{"rendered":"<p>W najbli\u017csz\u0105 niedziel\u0119 o godzinie 12:30 w Ko\u015bciele pw. Krzy\u017ca \u015awi\u0119tego w \u015acinawie odprawiona zostanie msza dzi\u0119kczynna z okazji 50-lecia<\/p>\n","protected":false},"author":3,"featured_media":19850,"comment_status":"open","ping_status":"open","sticky":false,"template":"","format":"standard","meta":{"ngg_post_thumbnail":0},"categories":[12,3],"tags":[],"_links":{"self":[{"href":"https:\/\/scinawa.pl\/index.php\/wp-json\/wp\/v2\/posts\/19849"}],"collection":[{"href":"https:\/\/scinawa.pl\/index.php\/wp-json\/wp\/v2\/posts"}],"about":[{"href":"https:\/\/scinawa.pl\/index.php\/wp-json\/wp\/v2\/types\/post"}],"author":[{"embeddable":true,"href":"https:\/\/scinawa.pl\/index.php\/wp-json\/wp\/v2\/users\/3"}],"replies":[{"embeddable":true,"href":"https:\/\/scinawa.pl\/index.php\/wp-json\/wp\/v2\/comments?post=19849"}],"version-history":[{"count":3,"href":"https:\/\/scinawa.pl\/index.php\/wp-json\/wp\/v2\/posts\/19849\/revisions"}],"predecessor-version":[{"id":19855,"href":"https:\/\/scinawa.pl\/index.php\/wp-json\/wp\/v2\/posts\/19849\/revisions\/19855"}],"wp:featuredmedia":[{"embeddable":true,"href":"https:\/\/scinawa.pl\/index.php\/wp-json\/wp\/v2\/media\/19850"}],"wp:attachment":[{"href":"https:\/\/scinawa.pl\/index.php\/wp-json\/wp\/v2\/media?parent=19849"}],"wp:term":[{"taxonomy":"category","embeddable":true,"href":"https:\/\/scinawa.pl\/index.php\/wp-json\/wp\/v2\/categories?post=19849"},{"taxonomy":"post_tag","embeddable":true,"href":"https:\/\/scinawa.pl\/index.php\/wp-json\/wp\/v2\/tags?post=19849"}],"curies":[{"name":"wp","href":"https:\/\/api.w.org\/{rel}","templated":true}]}}