{"id":19841,"date":"2019-06-27T18:09:50","date_gmt":"2019-06-27T16:09:50","guid":{"rendered":"http:\/\/nowa.scinawa.pl\/?p=19841"},"modified":"2019-06-27T18:09:50","modified_gmt":"2019-06-27T16:09:50","slug":"ogloszono-przetarg-na-remont-mostu-nad-odra","status":"publish","type":"post","link":"https:\/\/scinawa.pl\/index.php\/2019\/06\/27\/ogloszono-przetarg-na-remont-mostu-nad-odra\/","title":{"rendered":"Og\u0142oszono przetarg na remont mostu nad Odr\u0105"},"content":{"rendered":"<p align=\"justify\"><strong>Dnia 14 czerwca br. Generalna Dyrekcja Dr\u00f3g Krajowych i Autostrad og\u0142osi\u0142a post\u0119powanie przetargowe na zaprojektowanie oraz wykonanie rob\u00f3t budowlanych dla realizacji zadania p.n.: \u201eRemont mostu nad rzek\u0105 Odr\u0105 w km 33+493 drogi krajowej nr 36 w miejscowo\u015bci \u015acinawa wraz z mostem objazdowym przez rzek\u0119 Odr\u0119 i drog\u0105 objazdow\u0105\u201d. Planowane lata realizacji to: 2019-2021, a termin sk\u0142adania ofert okre\u015blono na 17 lipca.<\/strong><\/p>\n<p align=\"justify\">&#8211; Przyj\u0119te w przetargu za\u0142o\u017cenia spe\u0142niaj\u0105 nasze wcze\u015bniejsze postulaty dotycz\u0105ce konieczno\u015bci generalnego remontu samego mostu, jak i organizacji ruchu na czas naprawy tej zabytkowej i wa\u017cnej dla regionu budowli. Jako samorz\u0105d, wspieraj\u0105c jedocze\u015bnie pro\u015bby wielu mieszka\u0144c\u00f3w, apelowali\u015bmy do Generalnej Dyrekcji Dr\u00f3g Krajowych i Autostrad o most zast\u0119pczy, poniewa\u017c stukilometrowy objazd, kt\u00f3ry by\u0142 wst\u0119pnie rozwa\u017cany, stanowi\u0142by olbrzymi problem dla ludzi korzystaj\u0105cych codziennie z tej przeprawy. Jeste\u015bmy zadowoleni, \u017ce zarz\u0105d GDDKiA przyj\u0105\u0142 argumenty, kt\u00f3re przedstawili\u015bmy, wszystko wskazuje na to, i\u017c remont mostu nie zdezorganizuje komunikacji w regionie \u2013 komentuje burmistrz \u015acinawy Krystian Koszty\u0142a.<\/p>\n<p align=\"justify\"><em><strong>Jak informuje GDDKiA, planowany remont b\u0119dzie realizowany w nast\u0119puj\u0105cych etapach:<\/strong><\/em><\/p>\n<p align=\"justify\">Etap \u201e0\u201d \u2013 Wykonanie tymczasowej organizacji ruchu na istniej\u0105cym mo\u015bcie do czasu wybudowania drogi objazdowej (ruch wahad\u0142owy).<\/p>\n<p align=\"justify\">Ze wzgl\u0119du na pogarszaj\u0105cy si\u0119 stan obiektu do czasu rozpocz\u0119cia jego remontu Wykonawca rob\u00f3t zaprojektuje i wprowadzi tymczasow\u0105 organizacj\u0119 ruchu (ruch wahad\u0142owy \u015brodkiem jezdni sterowany sygnalizacj\u0105 \u015bwietln\u0105 lub r\u0119cznie), kt\u00f3ra ograniczy rzeczywiste obci\u0105\u017cenie mostu i pozwoli na bezpieczne u\u017cytkowanie. Taka organizacja ruchu dzia\u0142a\u0107 b\u0119dzie do czasu uruchomienia objazdu i wy\u0142\u0105czenia mostu istniej\u0105cego z ruchu.<\/p>\n<p align=\"justify\">Etap \u201eI\u201d \u2013 zaprojektowanie drogi objazdowej i mostu objazdowego.<br \/>\nWykonawca remontu zaprojektuje most objazdowy i drog\u0119 objazdow\u0105 oraz uzyska niezb\u0119dne uzgodnienia i decyzje.<\/p>\n<p align=\"justify\">Etap \u201eII\u201d \u2013 Budowa mostu objazdowego i drogi objazdowej.<br \/>\nWykonany zostanie objazd tymczasowy, na kt\u00f3rym obowi\u0105zywa\u0142 b\u0119dzie ruch wahad\u0142owy sterowany w zale\u017cno\u015bci od pory dnia sygnalizacj\u0105 \u015bwietln\u0105 lub r\u0119cznie. Na obje\u017adzie obowi\u0105zywa\u0107 b\u0119dzie ograniczenie masy pojazd\u00f3w do 15 ton.<\/p>\n<p align=\"justify\">Etap \u201eIII\u201d \u2013 Remont mostu istniej\u0105cego.<br \/>\nPo uruchomieniu objazdu rozpocznie si\u0119 remont istniej\u0105cego obiektu o d\u0142ugo\u015bci 350 m, kt\u00f3ry b\u0119dzie obejmowa\u0142:<br \/>\n\u2022 Remont podp\u00f3r,<br \/>\n\u2022 Wykonanie nowej betonowej p\u0142yty pomostowej,<br \/>\n\u2022 Malowanie konstrukcji stalowej,<br \/>\n\u2022 Wykonanie kap chodnikowych z p\u0142yt prefabrykowanych,<br \/>\n\u2022 Wykonanie element\u00f3w wyposa\u017cenia (izolacja, nawierzchnia, odwodnienie, naprawa balustrad),<br \/>\n\u2022 Wykonanie sta\u0142ej organizacji ruchu (ruch wahad\u0142owy).<\/p>\n<p>Etap \u201eIV\u201d \u2013 rozbi\u00f3rka objazdu tymczasowego.<\/p>\n<p align=\"justify\">Z informacji uzyskanych od GDDKiA wiemy, \u017ce budowa zast\u0119pczego mostu objazdowego, je\u017celi wszystko p\u00f3jdzie zgodnie z planem, powinna rozpocz\u0105\u0107 si\u0119 jeszcze w br.<\/p>\n","protected":false},"excerpt":{"rendered":"<p>Dnia 14 czerwca br. Generalna Dyrekcja Dr\u00f3g Krajowych i Autostrad og\u0142osi\u0142a post\u0119powanie przetargowe na zaprojektowanie oraz wykonanie rob\u00f3t budowlanych dla<\/p>\n","protected":false},"author":3,"featured_media":19842,"comment_status":"open","ping_status":"open","sticky":false,"template":"","format":"standard","meta":{"ngg_post_thumbnail":0},"categories":[12,3],"tags":[468,403,1055],"_links":{"self":[{"href":"https:\/\/scinawa.pl\/index.php\/wp-json\/wp\/v2\/posts\/19841"}],"collection":[{"href":"https:\/\/scinawa.pl\/index.php\/wp-json\/wp\/v2\/posts"}],"about":[{"href":"https:\/\/scinawa.pl\/index.php\/wp-json\/wp\/v2\/types\/post"}],"author":[{"embeddable":true,"href":"https:\/\/scinawa.pl\/index.php\/wp-json\/wp\/v2\/users\/3"}],"replies":[{"embeddable":true,"href":"https:\/\/scinawa.pl\/index.php\/wp-json\/wp\/v2\/comments?post=19841"}],"version-history":[{"count":1,"href":"https:\/\/scinawa.pl\/index.php\/wp-json\/wp\/v2\/posts\/19841\/revisions"}],"predecessor-version":[{"id":19843,"href":"https:\/\/scinawa.pl\/index.php\/wp-json\/wp\/v2\/posts\/19841\/revisions\/19843"}],"wp:featuredmedia":[{"embeddable":true,"href":"https:\/\/scinawa.pl\/index.php\/wp-json\/wp\/v2\/media\/19842"}],"wp:attachment":[{"href":"https:\/\/scinawa.pl\/index.php\/wp-json\/wp\/v2\/media?parent=19841"}],"wp:term":[{"taxonomy":"category","embeddable":true,"href":"https:\/\/scinawa.pl\/index.php\/wp-json\/wp\/v2\/categories?post=19841"},{"taxonomy":"post_tag","embeddable":true,"href":"https:\/\/scinawa.pl\/index.php\/wp-json\/wp\/v2\/tags?post=19841"}],"curies":[{"name":"wp","href":"https:\/\/api.w.org\/{rel}","templated":true}]}}