{"id":19645,"date":"2019-05-31T09:29:42","date_gmt":"2019-05-31T07:29:42","guid":{"rendered":"http:\/\/nowa.scinawa.pl\/?p=19645"},"modified":"2019-05-31T09:29:42","modified_gmt":"2019-05-31T07:29:42","slug":"o-dniach-scinawy-w-radiu-plus","status":"publish","type":"post","link":"https:\/\/scinawa.pl\/index.php\/2019\/05\/31\/o-dniach-scinawy-w-radiu-plus\/","title":{"rendered":"O Dniach \u015acinawy w Radiu Plus"},"content":{"rendered":"<p align=\"justify\"><strong>Ju\u017c jutro w \u015bcinawskim porcie rozpocznie si\u0119 dwudniowe \u015bwi\u0119to naszego miasta. O imprezie, atrakcjach i zbi\u00f3rce \u015brodk\u00f3w na leczenie Milenki \u2013 o\u015bmioletniej mieszkanki \u015acinawy, na antenie Radia Plus opowiedzieli: burmistrz \u015acinawy Krystian Koszty\u0142a oraz dyrektor CTiK w \u015acinawie (organizator) Anna Podbucka. Sta\u0142a audycja: \u015aCINAWA NAD ODR\u0104 AKTYWNIE, OBIEKTYWNIE Z PASJ\u0104\u00a0 dost\u0119pna: <span style=\"color: #ff0000;\"><a style=\"color: #ff0000;\" href=\"https:\/\/www.legnica.fm\/audycje\/audycje-scinawa-nad-odra\/27357-co-bedzie-sie-dzialo-w-scinawie-podczas-dni-miasta\">TUTAJ<\/a><\/span>.<\/strong><\/p>\n<p align=\"justify\"><a href=\"http:\/\/nowa.scinawa.pl\/wp-content\/uploads\/2019\/05\/dni-scinawy-2019-plakat-2.jpg\"><img decoding=\"async\" loading=\"lazy\" class=\"aligncenter size-full wp-image-19595\" src=\"http:\/\/nowa.scinawa.pl\/wp-content\/uploads\/2019\/05\/dni-scinawy-2019-plakat-2.jpg\" alt=\"\" width=\"4000\" height=\"5754\" srcset=\"https:\/\/scinawa.pl\/wp-content\/uploads\/2019\/05\/dni-scinawy-2019-plakat-2.jpg 4000w, https:\/\/scinawa.pl\/wp-content\/uploads\/2019\/05\/dni-scinawy-2019-plakat-2-209x300.jpg 209w, https:\/\/scinawa.pl\/wp-content\/uploads\/2019\/05\/dni-scinawy-2019-plakat-2-768x1105.jpg 768w, https:\/\/scinawa.pl\/wp-content\/uploads\/2019\/05\/dni-scinawy-2019-plakat-2-712x1024.jpg 712w, https:\/\/scinawa.pl\/wp-content\/uploads\/2019\/05\/dni-scinawy-2019-plakat-2-17x24.jpg 17w, https:\/\/scinawa.pl\/wp-content\/uploads\/2019\/05\/dni-scinawy-2019-plakat-2-25x36.jpg 25w, https:\/\/scinawa.pl\/wp-content\/uploads\/2019\/05\/dni-scinawy-2019-plakat-2-33x48.jpg 33w\" sizes=\"(max-width: 4000px) 100vw, 4000px\" \/><\/a><\/p>\n","protected":false},"excerpt":{"rendered":"<p>Ju\u017c jutro w \u015bcinawskim porcie rozpocznie si\u0119 dwudniowe \u015bwi\u0119to naszego miasta. O imprezie, atrakcjach i zbi\u00f3rce \u015brodk\u00f3w na leczenie Milenki<\/p>\n","protected":false},"author":3,"featured_media":19646,"comment_status":"open","ping_status":"open","sticky":false,"template":"","format":"standard","meta":{"ngg_post_thumbnail":0},"categories":[12,3],"tags":[689,1076,1083,368],"_links":{"self":[{"href":"https:\/\/scinawa.pl\/index.php\/wp-json\/wp\/v2\/posts\/19645"}],"collection":[{"href":"https:\/\/scinawa.pl\/index.php\/wp-json\/wp\/v2\/posts"}],"about":[{"href":"https:\/\/scinawa.pl\/index.php\/wp-json\/wp\/v2\/types\/post"}],"author":[{"embeddable":true,"href":"https:\/\/scinawa.pl\/index.php\/wp-json\/wp\/v2\/users\/3"}],"replies":[{"embeddable":true,"href":"https:\/\/scinawa.pl\/index.php\/wp-json\/wp\/v2\/comments?post=19645"}],"version-history":[{"count":1,"href":"https:\/\/scinawa.pl\/index.php\/wp-json\/wp\/v2\/posts\/19645\/revisions"}],"predecessor-version":[{"id":19647,"href":"https:\/\/scinawa.pl\/index.php\/wp-json\/wp\/v2\/posts\/19645\/revisions\/19647"}],"wp:featuredmedia":[{"embeddable":true,"href":"https:\/\/scinawa.pl\/index.php\/wp-json\/wp\/v2\/media\/19646"}],"wp:attachment":[{"href":"https:\/\/scinawa.pl\/index.php\/wp-json\/wp\/v2\/media?parent=19645"}],"wp:term":[{"taxonomy":"category","embeddable":true,"href":"https:\/\/scinawa.pl\/index.php\/wp-json\/wp\/v2\/categories?post=19645"},{"taxonomy":"post_tag","embeddable":true,"href":"https:\/\/scinawa.pl\/index.php\/wp-json\/wp\/v2\/tags?post=19645"}],"curies":[{"name":"wp","href":"https:\/\/api.w.org\/{rel}","templated":true}]}}