{"id":19609,"date":"2019-05-24T09:06:29","date_gmt":"2019-05-24T07:06:29","guid":{"rendered":"http:\/\/nowa.scinawa.pl\/?p=19609"},"modified":"2019-05-24T09:06:29","modified_gmt":"2019-05-24T07:06:29","slug":"miedzynarodowe-zawody-karate-wkf-pleszew","status":"publish","type":"post","link":"https:\/\/scinawa.pl\/index.php\/2019\/05\/24\/miedzynarodowe-zawody-karate-wkf-pleszew\/","title":{"rendered":"Mi\u0119dzynarodowe zawody Karate WKF Pleszew"},"content":{"rendered":"<p align=\"justify\"><strong>W Pleszewie odby\u0142y si\u0119 dwudniowe, mi\u0119dzynarodowe zawody \u201eCentral Poland Open Grand Prix w Karate WKF\u201d. W pierwszym dniu rywalizowali zawodnicy, kt\u00f3rzy uko\u0144czyli 14. rok \u017cycia, natomiast w drugim sportowcy w wieku od 8 do 13 lat. W zawodach wystartowa\u0142o \u0142\u0105cznie 515 karatek\u00f3w z 70 klub\u00f3w, pojawili si\u0119 reprezentanci z: Polski, Szwecji, Litwy, USA, S\u0142owacji, Iraku, Niemiec i Ukrainy. Zawodnicy z Karate Goju Ryu Shuseikan Poland zaprezentowali si\u0119 w drugim dniu zawod\u00f3w, a klub reprezentowa\u0142o 10 karatek\u00f3w ze \u015acinawy i Rudnej. Tradycyjnie sportowcy nie zawiedli i przywie\u017ali ze sob\u0105 medale.<\/strong><\/p>\n<p><strong>Wyniki medalowe naszych zawodnik\u00f3w:<\/strong><br \/>\nsrebrny medal w konkurencji U8 kumite ind. ch\u0142opc\u00f3w 7 lat \u201eopen\u201d &#8211; Jan Marynowicz (\u015acinawa);<br \/>\nsrebrny medal w konkurencji U12 kumite ind. dziewcz\u0105t 10-11 lat \u201e+40 kg\u201d &#8211; Martyna Bie\u0144 (\u015acinawa);<br \/>\nbr\u0105zowy medal w konkurencji U14 kumite ind. m\u0142odzik\u00f3w 12-13 lat \u201e+55 kg\u201d &#8211; Dawid Grzybalski (\u015acinawa)<\/p>\n<p><strong>Miejsca punktowane:<\/strong><br \/>\npi\u0105te miejsca w swoich kategoriach wiekowych: Aleksandra Chmielowska, Kinga Puzio, Zuzanna Chomont i Jessica Wr\u00f3blewska (\u015acinawa);<br \/>\nsi\u00f3dme miejsce w swojej kategorii wiekowych: Urszula Sochaj (Rudna)<\/p>\n<p><a href=\"http:\/\/nowa.scinawa.pl\/wp-content\/uploads\/2019\/05\/Pleszew-6.jpg\"><img decoding=\"async\" loading=\"lazy\" class=\"size-full wp-image-19611\" src=\"http:\/\/nowa.scinawa.pl\/wp-content\/uploads\/2019\/05\/Pleszew-6.jpg\" alt=\"\" width=\"800\" height=\"394\" srcset=\"https:\/\/scinawa.pl\/wp-content\/uploads\/2019\/05\/Pleszew-6.jpg 800w, https:\/\/scinawa.pl\/wp-content\/uploads\/2019\/05\/Pleszew-6-300x148.jpg 300w, https:\/\/scinawa.pl\/wp-content\/uploads\/2019\/05\/Pleszew-6-768x378.jpg 768w, https:\/\/scinawa.pl\/wp-content\/uploads\/2019\/05\/Pleszew-6-24x12.jpg 24w, https:\/\/scinawa.pl\/wp-content\/uploads\/2019\/05\/Pleszew-6-36x18.jpg 36w, https:\/\/scinawa.pl\/wp-content\/uploads\/2019\/05\/Pleszew-6-48x24.jpg 48w\" sizes=\"(max-width: 800px) 100vw, 800px\" \/><\/a><\/p>\n<p><a href=\"http:\/\/nowa.scinawa.pl\/wp-content\/uploads\/2019\/05\/Pleszew-7.jpg\"><img decoding=\"async\" loading=\"lazy\" class=\"aligncenter size-full wp-image-19612\" src=\"http:\/\/nowa.scinawa.pl\/wp-content\/uploads\/2019\/05\/Pleszew-7.jpg\" alt=\"\" width=\"800\" height=\"600\" srcset=\"https:\/\/scinawa.pl\/wp-content\/uploads\/2019\/05\/Pleszew-7.jpg 800w, https:\/\/scinawa.pl\/wp-content\/uploads\/2019\/05\/Pleszew-7-300x225.jpg 300w, https:\/\/scinawa.pl\/wp-content\/uploads\/2019\/05\/Pleszew-7-768x576.jpg 768w, https:\/\/scinawa.pl\/wp-content\/uploads\/2019\/05\/Pleszew-7-24x18.jpg 24w, https:\/\/scinawa.pl\/wp-content\/uploads\/2019\/05\/Pleszew-7-36x27.jpg 36w, https:\/\/scinawa.pl\/wp-content\/uploads\/2019\/05\/Pleszew-7-48x36.jpg 48w\" sizes=\"(max-width: 800px) 100vw, 800px\" \/><\/a><\/p>\n","protected":false},"excerpt":{"rendered":"<p>W Pleszewie odby\u0142y si\u0119 dwudniowe, mi\u0119dzynarodowe zawody \u201eCentral Poland Open Grand Prix w Karate WKF\u201d. W pierwszym dniu rywalizowali zawodnicy,<\/p>\n","protected":false},"author":3,"featured_media":19613,"comment_status":"open","ping_status":"open","sticky":false,"template":"","format":"standard","meta":{"ngg_post_thumbnail":0},"categories":[12,15],"tags":[640,231,99],"_links":{"self":[{"href":"https:\/\/scinawa.pl\/index.php\/wp-json\/wp\/v2\/posts\/19609"}],"collection":[{"href":"https:\/\/scinawa.pl\/index.php\/wp-json\/wp\/v2\/posts"}],"about":[{"href":"https:\/\/scinawa.pl\/index.php\/wp-json\/wp\/v2\/types\/post"}],"author":[{"embeddable":true,"href":"https:\/\/scinawa.pl\/index.php\/wp-json\/wp\/v2\/users\/3"}],"replies":[{"embeddable":true,"href":"https:\/\/scinawa.pl\/index.php\/wp-json\/wp\/v2\/comments?post=19609"}],"version-history":[{"count":2,"href":"https:\/\/scinawa.pl\/index.php\/wp-json\/wp\/v2\/posts\/19609\/revisions"}],"predecessor-version":[{"id":19614,"href":"https:\/\/scinawa.pl\/index.php\/wp-json\/wp\/v2\/posts\/19609\/revisions\/19614"}],"wp:featuredmedia":[{"embeddable":true,"href":"https:\/\/scinawa.pl\/index.php\/wp-json\/wp\/v2\/media\/19613"}],"wp:attachment":[{"href":"https:\/\/scinawa.pl\/index.php\/wp-json\/wp\/v2\/media?parent=19609"}],"wp:term":[{"taxonomy":"category","embeddable":true,"href":"https:\/\/scinawa.pl\/index.php\/wp-json\/wp\/v2\/categories?post=19609"},{"taxonomy":"post_tag","embeddable":true,"href":"https:\/\/scinawa.pl\/index.php\/wp-json\/wp\/v2\/tags?post=19609"}],"curies":[{"name":"wp","href":"https:\/\/api.w.org\/{rel}","templated":true}]}}