{"id":19129,"date":"2019-03-13T13:14:33","date_gmt":"2019-03-13T12:14:33","guid":{"rendered":"http:\/\/nowa.scinawa.pl\/?p=19129"},"modified":"2019-03-13T13:14:33","modified_gmt":"2019-03-13T12:14:33","slug":"nieudany-start-odry","status":"publish","type":"post","link":"https:\/\/scinawa.pl\/index.php\/2019\/03\/13\/nieudany-start-odry\/","title":{"rendered":"Nieudany start Odry"},"content":{"rendered":"<p align=\"justify\"><strong>Odra-Total \u015acinawa zainaugurowa\u0142a rund\u0119 wiosenn\u0105 rozgrywek IV ligi. Podopieczni Tomasza Wo\u0142ocha przegrali na wyje\u017adzie ze Spart\u0105 Gr\u0119bocice 0:2 (0:2). Gole dla rywali strzelali: \u0141ukasz Szuszkiewicz (14. min) oraz Kamil \u0141\u0119tkowski (41. min).<\/strong><\/p>\n<p align=\"justify\">&#8211; Nasza dru\u017cyna zmaga si\u0119 z pewnymi problemami kadrowymi, kilku zawodnik\u00f3w jest kontuzjowanych i musimy sobie bez nich radzi\u0107. To dla nas ciekawy materia\u0142 szkoleniowy, bo wi\u0119cej szans na gr\u0119 dostan\u0105 wychowankowie, kt\u00f3rzy maj\u0105 okazj\u0119 udowodni\u0107 swoj\u0105 sportow\u0105 warto\u015b\u0107 oraz z\u0142apa\u0107 do\u015bwiadczenie w pi\u0142ce seniorskiej. Za 2 \u2013 3 tygodni wr\u00f3c\u0105 do gry kontuzjowani zawodnicy i rozpocznie si\u0119 rywalizacja o miejsca w sk\u0142adzie. Pracujemy i na pewno si\u0119 nie za\u0142amujemy, taka jest pi\u0142ka. Kibic\u00f3w prosimy natomiast o kilka tygodni cierpliwo\u015bci i wsparcie dla zespo\u0142u, bo ch\u0142opcy mocno si\u0119 staraj\u0105 \u2013 apeluje trener Tomasz Wo\u0142och.<\/p>\n<p><strong>Sparta Gr\u0119bocice 2 \u2013 0 Odra-Total \u015acinawa<\/strong><br \/>\nSzuszkiewicz (14.), \u0141\u0119tkowski (41.)<\/p>\n<p align=\"justify\">W meczu 17. kolejki IV ligi Odra-Total \u015acinawa podejmie Karkonosze Jelenia G\u00f3ra. Spotkanie zostanie rozegrane w niedziel\u0119 17 marca, mecz rozpocznie si\u0119 o godzinie 15:00.<\/p>\n<p align=\"justify\">R\u00f3wnie\u017c w niedziel\u0119 na ligowe boiska wr\u00f3c\u0105 zespo\u0142y z gminy \u015acinawa, kt\u00f3re rywalizuj\u0105 w A-klasie. Grom Gromadzy\u0144-Wielowie\u015b zagra u siebie ze Spart\u0105 Parszowice (14:00), natomiast Czarni Dziewin podejm\u0105 na w\u0142asnym terenie T\u0119cz\u0119 Kwietno (14:00).<br \/>\nZ kolei z rozgrywek B-klasy wycofa\u0142a si\u0119 Victoria Tymowa.<\/p>\n","protected":false},"excerpt":{"rendered":"<p>Odra-Total \u015acinawa zainaugurowa\u0142a rund\u0119 wiosenn\u0105 rozgrywek IV ligi. Podopieczni Tomasza Wo\u0142ocha przegrali na wyje\u017adzie ze Spart\u0105 Gr\u0119bocice 0:2 (0:2). Gole<\/p>\n","protected":false},"author":3,"featured_media":19130,"comment_status":"open","ping_status":"open","sticky":false,"template":"","format":"standard","meta":{"ngg_post_thumbnail":0},"categories":[12],"tags":[65,82,112,66,75],"_links":{"self":[{"href":"https:\/\/scinawa.pl\/index.php\/wp-json\/wp\/v2\/posts\/19129"}],"collection":[{"href":"https:\/\/scinawa.pl\/index.php\/wp-json\/wp\/v2\/posts"}],"about":[{"href":"https:\/\/scinawa.pl\/index.php\/wp-json\/wp\/v2\/types\/post"}],"author":[{"embeddable":true,"href":"https:\/\/scinawa.pl\/index.php\/wp-json\/wp\/v2\/users\/3"}],"replies":[{"embeddable":true,"href":"https:\/\/scinawa.pl\/index.php\/wp-json\/wp\/v2\/comments?post=19129"}],"version-history":[{"count":1,"href":"https:\/\/scinawa.pl\/index.php\/wp-json\/wp\/v2\/posts\/19129\/revisions"}],"predecessor-version":[{"id":19131,"href":"https:\/\/scinawa.pl\/index.php\/wp-json\/wp\/v2\/posts\/19129\/revisions\/19131"}],"wp:featuredmedia":[{"embeddable":true,"href":"https:\/\/scinawa.pl\/index.php\/wp-json\/wp\/v2\/media\/19130"}],"wp:attachment":[{"href":"https:\/\/scinawa.pl\/index.php\/wp-json\/wp\/v2\/media?parent=19129"}],"wp:term":[{"taxonomy":"category","embeddable":true,"href":"https:\/\/scinawa.pl\/index.php\/wp-json\/wp\/v2\/categories?post=19129"},{"taxonomy":"post_tag","embeddable":true,"href":"https:\/\/scinawa.pl\/index.php\/wp-json\/wp\/v2\/tags?post=19129"}],"curies":[{"name":"wp","href":"https:\/\/api.w.org\/{rel}","templated":true}]}}