{"id":19060,"date":"2019-03-05T13:16:22","date_gmt":"2019-03-05T12:16:22","guid":{"rendered":"http:\/\/nowa.scinawa.pl\/?p=19060"},"modified":"2019-03-05T13:16:22","modified_gmt":"2019-03-05T12:16:22","slug":"wybory-soltysow-w-debcu-i-lasowicach-bez-zmian","status":"publish","type":"post","link":"https:\/\/scinawa.pl\/index.php\/2019\/03\/05\/wybory-soltysow-w-debcu-i-lasowicach-bez-zmian\/","title":{"rendered":"Wybory so\u0142tys\u00f3w: W D\u0119bcu i Lasowicach bez zmian"},"content":{"rendered":"<p align=\"justify\"><strong>Wczoraj so\u0142tys\u00f3w i reprezentant\u00f3w rad so\u0142eckich wybierano w D\u0119bcu i Lasowicach. Mieszka\u0144cy obu wsi uznali, \u017ce dotychczasowe so\u0142tysowe: Teresa G\u0142aba (D\u0119biec) i And\u017celika Wojciechowska (Lasowice) dobrze wywi\u0105zywa\u0142y si\u0119 ze swoich obowi\u0105zk\u00f3w i powierzyli im funkcj\u0119 przewodnicz\u0105cych wsi na kolejn\u0105 kadencj\u0119. W obu wsiach wybrano r\u00f3wnie\u017c nowe rady so\u0142eckie. Dzi\u015b g\u0142osowali b\u0119d\u0105 mieszka\u0144cy Przychowej i Buszkowic.<\/strong><\/p>\n<p><strong>Rada so\u0142ecka D\u0119bca:<\/strong><br \/>\n1. Zbigniew Kosowski<br \/>\n2. Piotr Seta<br \/>\n3. Anna Wr\u00f3blewska<br \/>\n4. Barbara B\u0142aszczy\u0144ska<br \/>\n5. Roman Ja\u015bkiewicz<\/p>\n<p><strong>Rada so\u0142ecka Lasowic:<\/strong><br \/>\n1. Ma\u0142gorzata P\u0119dzikowska<br \/>\n2. El\u017cbieta \u017bo\u0142y\u0144ska<br \/>\n3. Les\u0142aw Bodniewicz<br \/>\n4. Sebastian Bia\u0142y<br \/>\n5. Dariusz Kasperek<br \/>\n6. Roman Czajkowski<br \/>\n7. Tadeusz Szcz\u0119\u015bniak<\/p>\n<p>&nbsp;<\/p>\n<p><a href=\"http:\/\/nowa.scinawa.pl\/wp-content\/uploads\/2019\/02\/Harmonogram-wybory-so\u0142tys\u00f3w-0012.jpg\"><img decoding=\"async\" loading=\"lazy\" class=\"aligncenter size-full wp-image-18928\" src=\"http:\/\/nowa.scinawa.pl\/wp-content\/uploads\/2019\/02\/Harmonogram-wybory-so\u0142tys\u00f3w-0012.jpg\" alt=\"\" width=\"1188\" height=\"1119\" srcset=\"https:\/\/scinawa.pl\/wp-content\/uploads\/2019\/02\/Harmonogram-wybory-so\u0142tys\u00f3w-0012.jpg 1188w, https:\/\/scinawa.pl\/wp-content\/uploads\/2019\/02\/Harmonogram-wybory-so\u0142tys\u00f3w-0012-300x283.jpg 300w, https:\/\/scinawa.pl\/wp-content\/uploads\/2019\/02\/Harmonogram-wybory-so\u0142tys\u00f3w-0012-768x723.jpg 768w, https:\/\/scinawa.pl\/wp-content\/uploads\/2019\/02\/Harmonogram-wybory-so\u0142tys\u00f3w-0012-1024x965.jpg 1024w, https:\/\/scinawa.pl\/wp-content\/uploads\/2019\/02\/Harmonogram-wybory-so\u0142tys\u00f3w-0012-24x24.jpg 24w, https:\/\/scinawa.pl\/wp-content\/uploads\/2019\/02\/Harmonogram-wybory-so\u0142tys\u00f3w-0012-36x34.jpg 36w, https:\/\/scinawa.pl\/wp-content\/uploads\/2019\/02\/Harmonogram-wybory-so\u0142tys\u00f3w-0012-48x45.jpg 48w\" sizes=\"(max-width: 1188px) 100vw, 1188px\" \/><\/a><\/p>\n","protected":false},"excerpt":{"rendered":"<p>Wczoraj so\u0142tys\u00f3w i reprezentant\u00f3w rad so\u0142eckich wybierano w D\u0119bcu i Lasowicach. Mieszka\u0144cy obu wsi uznali, \u017ce dotychczasowe so\u0142tysowe: Teresa G\u0142aba<\/p>\n","protected":false},"author":3,"featured_media":19008,"comment_status":"open","ping_status":"open","sticky":false,"template":"","format":"standard","meta":{"ngg_post_thumbnail":0},"categories":[12,3],"tags":[998,123,312,970],"_links":{"self":[{"href":"https:\/\/scinawa.pl\/index.php\/wp-json\/wp\/v2\/posts\/19060"}],"collection":[{"href":"https:\/\/scinawa.pl\/index.php\/wp-json\/wp\/v2\/posts"}],"about":[{"href":"https:\/\/scinawa.pl\/index.php\/wp-json\/wp\/v2\/types\/post"}],"author":[{"embeddable":true,"href":"https:\/\/scinawa.pl\/index.php\/wp-json\/wp\/v2\/users\/3"}],"replies":[{"embeddable":true,"href":"https:\/\/scinawa.pl\/index.php\/wp-json\/wp\/v2\/comments?post=19060"}],"version-history":[{"count":1,"href":"https:\/\/scinawa.pl\/index.php\/wp-json\/wp\/v2\/posts\/19060\/revisions"}],"predecessor-version":[{"id":19061,"href":"https:\/\/scinawa.pl\/index.php\/wp-json\/wp\/v2\/posts\/19060\/revisions\/19061"}],"wp:featuredmedia":[{"embeddable":true,"href":"https:\/\/scinawa.pl\/index.php\/wp-json\/wp\/v2\/media\/19008"}],"wp:attachment":[{"href":"https:\/\/scinawa.pl\/index.php\/wp-json\/wp\/v2\/media?parent=19060"}],"wp:term":[{"taxonomy":"category","embeddable":true,"href":"https:\/\/scinawa.pl\/index.php\/wp-json\/wp\/v2\/categories?post=19060"},{"taxonomy":"post_tag","embeddable":true,"href":"https:\/\/scinawa.pl\/index.php\/wp-json\/wp\/v2\/tags?post=19060"}],"curies":[{"name":"wp","href":"https:\/\/api.w.org\/{rel}","templated":true}]}}