{"id":19031,"date":"2019-02-28T09:02:45","date_gmt":"2019-02-28T08:02:45","guid":{"rendered":"http:\/\/nowa.scinawa.pl\/?p=19031"},"modified":"2019-02-28T09:02:45","modified_gmt":"2019-02-28T08:02:45","slug":"rusza-dolnoslaski-fundusz-malych-inicjatyw","status":"publish","type":"post","link":"https:\/\/scinawa.pl\/index.php\/2019\/02\/28\/rusza-dolnoslaski-fundusz-malych-inicjatyw\/","title":{"rendered":"Rusza Dolno\u015bl\u0105ski Fundusz Ma\u0142ych Inicjatyw"},"content":{"rendered":"<p align=\"justify\"><strong>W najbli\u017cszy pi\u0105tek (1 marca) startuje Dolno\u015bl\u0105ski Fundusz Ma\u0142ych Inicjatyw. Program skierowany jest do\u00a0m\u0142odych organizacji pozarz\u0105dowych oraz grup nieformalnych i samopomocowych z terenu Dolnego \u015al\u0105ska.\u00a0M\u0142odym NGO\u00a0zostanie przekazanych\u00a0minimum 21 mikrodotacji do 5000 z\u0142 na dzia\u0142ania skierowane do spo\u0142eczno\u015bci lokalnych.<\/strong><\/p>\n<p><strong>INFORMACJE O PROGRAMIE\u00a0<\/strong><\/p>\n<p align=\"justify\"><strong>Nazwa programu:\u00a0<\/strong>Dolno\u015bl\u0105ski Fundusz Ma\u0142ych Inicjatyw.<\/p>\n<p align=\"justify\"><strong>Cele programu:\u00a0<\/strong>wsparcie finansowe i merytoryczne lokalnych dzia\u0142a\u0144 adresowanych do mieszka\u0144c\u00f3w Dolnego \u015al\u0105ska.\u00a0Program ma za zadanie wzmocnienie i zwi\u0119kszenie jako\u015bci dzia\u0142a\u0144 na rzecz aktywizacji spo\u0142eczno\u015bci lokalnych poprzez zaanga\u017cowanie obywateli i m\u0142odych organizacji pozarz\u0105dowych z Dolnego \u015al\u0105ska w \u017cycie publiczne.<\/p>\n<p align=\"justify\"><strong>Jakie dzia\u0142ania s\u0105 finansowane:\u00a0<\/strong>dzia\u0142ania z dowolnej ze sfer po\u017cytku publicznego (min. wspomagaj\u0105ce rozw\u00f3j wsp\u00f3lnot i spo\u0142eczno\u015bci lokalnych,\u00a0na rzecz os\u00f3b niepe\u0142nosprawnych,\u00a0na rzecz dzieci i m\u0142odzie\u017cy, w tym wypoczynku dzieci i m\u0142odzie\u017cy;\u00a0na rzecz os\u00f3b w wieku emerytalnym,\u00a0wspierania i upowszechniania kultury fizycznej, podtrzymywania i upowszechniania tradycji narodowej, przeciwdzia\u0142ania uzale\u017cnieniom i patologiom spo\u0142ecznym, kultury, ekologii,\u00a0promocji i organizacji wolontariatu, na rzecz mniejszo\u015bci narodowych i etnicznych oraz j\u0119zyka regionalnego).<\/p>\n<p align=\"justify\"><strong>Daty nabor\u00f3w w 2019 i okres realizacji dzia\u0142a\u0144:<\/strong>\u00a01.03.2019-16.03.2019 \/ realizacja: 23.04-23.07.2018<\/p>\n<p align=\"justify\"><strong>Wysoko\u015b\u0107\u00a0dotacji:<\/strong>\u00a0mikrodotacje\/\u015brodki na wsparcie realizacji lokalnych przedsi\u0119wzi\u0119\u0107 do 5000 z\u0142<\/p>\n<p align=\"justify\"><strong>Dla kogo:\u00a0<\/strong>m\u0142ode organizacje pozarz\u0105dowe, grupy nieformalne i samopomocowe z wojew\u00f3dztwa dolno\u015bl\u0105skiego.<\/p>\n<p><strong>Kontakt:<\/strong><br \/>\nmaile:\u00a0dfmi@maleinicjatywy.pl\u00a0\/\u00a0dfmi@sektor3.wroclaw.pl\u00a0\/\u00a0maleinicjatywy@tratwa.org<br \/>\ntelefony:\u00a0699 858\u00a0391 (DFOP) \/\u00a0733 444 172 (UMBRELLA) \/ 798 631 005 (TRATWA)<\/p>\n<p><strong>Strona www:<\/strong>\u00a0www.maleinicjatywy.pl<br \/>\nMedia spo\u0142eczno\u015bciowe:\u00a0www.facebook.com\/maleinicjatywy<\/p>\n<p align=\"justify\"><strong>Operatorzy:<\/strong>\u00a0Dolno\u015bl\u0105ska Federacja Organizacji Pozarz\u0105dowych, Centrum ds. Katastrof i Kl\u0119sk \u017bywio\u0142owych &#8222;Tratwa&#8221;, Fundacja Wspierania Organizacji Pozarz\u0105dowych &#8222;Umbrella&#8221;.<\/p>\n","protected":false},"excerpt":{"rendered":"<p>W najbli\u017cszy pi\u0105tek (1 marca) startuje Dolno\u015bl\u0105ski Fundusz Ma\u0142ych Inicjatyw. Program skierowany jest do\u00a0m\u0142odych organizacji pozarz\u0105dowych oraz grup nieformalnych i<\/p>\n","protected":false},"author":3,"featured_media":19032,"comment_status":"open","ping_status":"open","sticky":false,"template":"","format":"standard","meta":{"ngg_post_thumbnail":0},"categories":[12,13],"tags":[46,212,177,992],"_links":{"self":[{"href":"https:\/\/scinawa.pl\/index.php\/wp-json\/wp\/v2\/posts\/19031"}],"collection":[{"href":"https:\/\/scinawa.pl\/index.php\/wp-json\/wp\/v2\/posts"}],"about":[{"href":"https:\/\/scinawa.pl\/index.php\/wp-json\/wp\/v2\/types\/post"}],"author":[{"embeddable":true,"href":"https:\/\/scinawa.pl\/index.php\/wp-json\/wp\/v2\/users\/3"}],"replies":[{"embeddable":true,"href":"https:\/\/scinawa.pl\/index.php\/wp-json\/wp\/v2\/comments?post=19031"}],"version-history":[{"count":1,"href":"https:\/\/scinawa.pl\/index.php\/wp-json\/wp\/v2\/posts\/19031\/revisions"}],"predecessor-version":[{"id":19033,"href":"https:\/\/scinawa.pl\/index.php\/wp-json\/wp\/v2\/posts\/19031\/revisions\/19033"}],"wp:featuredmedia":[{"embeddable":true,"href":"https:\/\/scinawa.pl\/index.php\/wp-json\/wp\/v2\/media\/19032"}],"wp:attachment":[{"href":"https:\/\/scinawa.pl\/index.php\/wp-json\/wp\/v2\/media?parent=19031"}],"wp:term":[{"taxonomy":"category","embeddable":true,"href":"https:\/\/scinawa.pl\/index.php\/wp-json\/wp\/v2\/categories?post=19031"},{"taxonomy":"post_tag","embeddable":true,"href":"https:\/\/scinawa.pl\/index.php\/wp-json\/wp\/v2\/tags?post=19031"}],"curies":[{"name":"wp","href":"https:\/\/api.w.org\/{rel}","templated":true}]}}