{"id":19022,"date":"2019-02-27T13:41:17","date_gmt":"2019-02-27T12:41:17","guid":{"rendered":"http:\/\/nowa.scinawa.pl\/?p=19022"},"modified":"2019-02-27T14:43:42","modified_gmt":"2019-02-27T13:43:42","slug":"nowy-soltys-w-dziewinie","status":"publish","type":"post","link":"https:\/\/scinawa.pl\/index.php\/2019\/02\/27\/nowy-soltys-w-dziewinie\/","title":{"rendered":"Nowy so\u0142tys w Dziewinie, Edwarda Zdobylak ponownie w D\u0142u\u017cycach"},"content":{"rendered":"<p align=\"justify\"><strong>Wczoraj przewodnicz\u0105cego wsi oraz reprezentant\u00f3w rady so\u0142eckiej wybrali mieszka\u0144cy Dziewina, dotychczasowego so\u0142tysa Andrzeja Sajaka, kt\u00f3ry postanowi\u0142 nie kandydowa\u0107, zast\u0105pi\u0142a Karolina Obara. Z kolei mieszka\u0144cy D\u0142u\u017cyc kolejny raz poparli Edward\u0119 Zdobylak.<br \/>\n<\/strong><\/p>\n<p><strong>Sk\u0142ad rady so\u0142eckiej Dziewina:<\/strong><br \/>\n1. Anna Broda<br \/>\n2. Joanna Mostowska<br \/>\n3. Daria Moroch<br \/>\n4. Stanis\u0142aw Muzyka<br \/>\n5. Jacek Trawka<\/p>\n<p><strong>Sk\u0142ad rady so\u0142eckiej D\u0142u\u017cyc:<\/strong><br \/>\n1. Maria So\u015bnicka<br \/>\n2. Maria Bo\u017cena Zdobylak<br \/>\n3. Janina Marsza\u0142kowska<br \/>\n4. El\u017cbieta Lewandowska<br \/>\n5. Tadeusz Zdobylak<br \/>\n6. Maria Zdobylak<br \/>\n7. Kazimiera Bu\u0142ak<\/p>\n<p>&nbsp;<\/p>\n<p><a href=\"http:\/\/nowa.scinawa.pl\/wp-content\/uploads\/2019\/02\/Harmonogram-wybory-so\u0142tys\u00f3w-0012.jpg\"><img decoding=\"async\" loading=\"lazy\" class=\"aligncenter size-full wp-image-18928\" src=\"http:\/\/nowa.scinawa.pl\/wp-content\/uploads\/2019\/02\/Harmonogram-wybory-so\u0142tys\u00f3w-0012.jpg\" alt=\"\" width=\"1188\" height=\"1119\" srcset=\"https:\/\/scinawa.pl\/wp-content\/uploads\/2019\/02\/Harmonogram-wybory-so\u0142tys\u00f3w-0012.jpg 1188w, https:\/\/scinawa.pl\/wp-content\/uploads\/2019\/02\/Harmonogram-wybory-so\u0142tys\u00f3w-0012-300x283.jpg 300w, https:\/\/scinawa.pl\/wp-content\/uploads\/2019\/02\/Harmonogram-wybory-so\u0142tys\u00f3w-0012-768x723.jpg 768w, https:\/\/scinawa.pl\/wp-content\/uploads\/2019\/02\/Harmonogram-wybory-so\u0142tys\u00f3w-0012-1024x965.jpg 1024w, https:\/\/scinawa.pl\/wp-content\/uploads\/2019\/02\/Harmonogram-wybory-so\u0142tys\u00f3w-0012-24x24.jpg 24w, https:\/\/scinawa.pl\/wp-content\/uploads\/2019\/02\/Harmonogram-wybory-so\u0142tys\u00f3w-0012-36x34.jpg 36w, https:\/\/scinawa.pl\/wp-content\/uploads\/2019\/02\/Harmonogram-wybory-so\u0142tys\u00f3w-0012-48x45.jpg 48w\" sizes=\"(max-width: 1188px) 100vw, 1188px\" \/><\/a><\/p>\n","protected":false},"excerpt":{"rendered":"<p>Wczoraj przewodnicz\u0105cego wsi oraz reprezentant\u00f3w rady so\u0142eckiej wybrali mieszka\u0144cy Dziewina, dotychczasowego so\u0142tysa Andrzeja Sajaka, kt\u00f3ry postanowi\u0142 nie kandydowa\u0107, zast\u0105pi\u0142a Karolina<\/p>\n","protected":false},"author":3,"featured_media":19008,"comment_status":"open","ping_status":"open","sticky":false,"template":"","format":"standard","meta":{"ngg_post_thumbnail":0},"categories":[12,3],"tags":[47,984,981],"_links":{"self":[{"href":"https:\/\/scinawa.pl\/index.php\/wp-json\/wp\/v2\/posts\/19022"}],"collection":[{"href":"https:\/\/scinawa.pl\/index.php\/wp-json\/wp\/v2\/posts"}],"about":[{"href":"https:\/\/scinawa.pl\/index.php\/wp-json\/wp\/v2\/types\/post"}],"author":[{"embeddable":true,"href":"https:\/\/scinawa.pl\/index.php\/wp-json\/wp\/v2\/users\/3"}],"replies":[{"embeddable":true,"href":"https:\/\/scinawa.pl\/index.php\/wp-json\/wp\/v2\/comments?post=19022"}],"version-history":[{"count":3,"href":"https:\/\/scinawa.pl\/index.php\/wp-json\/wp\/v2\/posts\/19022\/revisions"}],"predecessor-version":[{"id":19025,"href":"https:\/\/scinawa.pl\/index.php\/wp-json\/wp\/v2\/posts\/19022\/revisions\/19025"}],"wp:featuredmedia":[{"embeddable":true,"href":"https:\/\/scinawa.pl\/index.php\/wp-json\/wp\/v2\/media\/19008"}],"wp:attachment":[{"href":"https:\/\/scinawa.pl\/index.php\/wp-json\/wp\/v2\/media?parent=19022"}],"wp:term":[{"taxonomy":"category","embeddable":true,"href":"https:\/\/scinawa.pl\/index.php\/wp-json\/wp\/v2\/categories?post=19022"},{"taxonomy":"post_tag","embeddable":true,"href":"https:\/\/scinawa.pl\/index.php\/wp-json\/wp\/v2\/tags?post=19022"}],"curies":[{"name":"wp","href":"https:\/\/api.w.org\/{rel}","templated":true}]}}