{"id":19000,"date":"2019-02-25T10:18:51","date_gmt":"2019-02-25T09:18:51","guid":{"rendered":"http:\/\/nowa.scinawa.pl\/?p=19000"},"modified":"2019-02-25T10:18:51","modified_gmt":"2019-02-25T09:18:51","slug":"mieszkancy-reszowa-i-sitna-wybrali-soltysow","status":"publish","type":"post","link":"https:\/\/scinawa.pl\/index.php\/2019\/02\/25\/mieszkancy-reszowa-i-sitna-wybrali-soltysow\/","title":{"rendered":"Mieszka\u0144cy R\u0119szowa i Sitna wybrali so\u0142tys\u00f3w"},"content":{"rendered":"<p align=\"justify\"><strong>Mieszka\u0144cy R\u0119szowa dokonali zmiany so\u0142tysa i wybrali 7-osobow\u0105 rad\u0119 so\u0142eck\u0105. W kadencji 2019-2023 przewodnicz\u0105cym wsi b\u0119dzie Dariusz Kochowicz, kt\u00f3ry zast\u0105pi\u0142 Dorot\u0119 Marcjan. Z kolei mieszka\u0144cy Sitna kolejny raz powierzyli obowi\u0105zki so\u0142tysa Teresie Dro\u0144 i powi\u0119kszyli sk\u0142ad rady so\u0142eckiej do 4 reprezentant\u00f3w.<\/strong><\/p>\n<p><strong>Rada so\u0142ecka R\u0119szowa:<\/strong><br \/>\n1. Marlena Franiak- Ma\u015blana<br \/>\n2. Natalia Ma\u015blana<br \/>\n3. Ewa Moroch-Haschke<br \/>\n4. Ewelina Przytu\u0142a<br \/>\n5. Anna Kras<br \/>\n6. J\u00f3zefa Salamon<br \/>\n7. Stanis\u0142awa Haschke<\/p>\n<p><strong>Rada so\u0142ecka Sitna:<\/strong><br \/>\n1. Katarzyna Markiewicz<br \/>\n2. Anna Milczarek<br \/>\n3. Krzysztof Dro\u0144<br \/>\n4. El\u017cbieta Kirejczyk<\/p>\n","protected":false},"excerpt":{"rendered":"<p>Mieszka\u0144cy R\u0119szowa dokonali zmiany so\u0142tysa i wybrali 7-osobow\u0105 rad\u0119 so\u0142eck\u0105. W kadencji 2019-2023 przewodnicz\u0105cym wsi b\u0119dzie Dariusz Kochowicz, kt\u00f3ry zast\u0105pi\u0142<\/p>\n","protected":false},"author":3,"featured_media":19001,"comment_status":"open","ping_status":"open","sticky":false,"template":"","format":"standard","meta":{"ngg_post_thumbnail":0},"categories":[12,3],"tags":[984,798,799,981,312],"_links":{"self":[{"href":"https:\/\/scinawa.pl\/index.php\/wp-json\/wp\/v2\/posts\/19000"}],"collection":[{"href":"https:\/\/scinawa.pl\/index.php\/wp-json\/wp\/v2\/posts"}],"about":[{"href":"https:\/\/scinawa.pl\/index.php\/wp-json\/wp\/v2\/types\/post"}],"author":[{"embeddable":true,"href":"https:\/\/scinawa.pl\/index.php\/wp-json\/wp\/v2\/users\/3"}],"replies":[{"embeddable":true,"href":"https:\/\/scinawa.pl\/index.php\/wp-json\/wp\/v2\/comments?post=19000"}],"version-history":[{"count":1,"href":"https:\/\/scinawa.pl\/index.php\/wp-json\/wp\/v2\/posts\/19000\/revisions"}],"predecessor-version":[{"id":19002,"href":"https:\/\/scinawa.pl\/index.php\/wp-json\/wp\/v2\/posts\/19000\/revisions\/19002"}],"wp:featuredmedia":[{"embeddable":true,"href":"https:\/\/scinawa.pl\/index.php\/wp-json\/wp\/v2\/media\/19001"}],"wp:attachment":[{"href":"https:\/\/scinawa.pl\/index.php\/wp-json\/wp\/v2\/media?parent=19000"}],"wp:term":[{"taxonomy":"category","embeddable":true,"href":"https:\/\/scinawa.pl\/index.php\/wp-json\/wp\/v2\/categories?post=19000"},{"taxonomy":"post_tag","embeddable":true,"href":"https:\/\/scinawa.pl\/index.php\/wp-json\/wp\/v2\/tags?post=19000"}],"curies":[{"name":"wp","href":"https:\/\/api.w.org\/{rel}","templated":true}]}}