{"id":18983,"date":"2019-02-21T13:03:40","date_gmt":"2019-02-21T12:03:40","guid":{"rendered":"http:\/\/nowa.scinawa.pl\/?p=18983"},"modified":"2019-02-21T14:52:32","modified_gmt":"2019-02-21T13:52:32","slug":"w-redlicach-marcin-myskow-w-wielowsi-jozef-sowiecki","status":"publish","type":"post","link":"https:\/\/scinawa.pl\/index.php\/2019\/02\/21\/w-redlicach-marcin-myskow-w-wielowsi-jozef-sowiecki\/","title":{"rendered":"Wybory so\u0142tys\u00f3w: w Redlicach Marcin My\u015bk\u00f3w, w Wielowsi J\u00f3zef Sowiecki"},"content":{"rendered":"<p align=\"justify\"><strong>Rozpocz\u0119\u0142y si\u0119 wybory so\u0142tys\u00f3w i rad so\u0142eckich w gminie \u015acinawa (kadencja 2019-2023), wczoraj g\u0142osowali mieszka\u0144cy Redlic i Wielowsi. W Redlicach obowi\u0105zki so\u0142tysa pe\u0142ni\u0142 b\u0119dzie nadal Marcin My\u015bk\u00f3w, z kolei w Wielowsi Magdalen\u0119 Szmigielsk\u0105, kt\u00f3rej w imieniu mieszka\u0144c\u00f3w i w\u0142adz lokalnego samorz\u0105du dzi\u0119kujemy za wsp\u00f3\u0142prac\u0119, zast\u0105pi\u0142 J\u00f3zef Sowiecki. Dzi\u015b o 17:00 rozpoczn\u0105 si\u0119 wybory w Parszowicach (w budynku remizy stra\u017cackiej).<\/strong><\/p>\n<p><strong>Rada so\u0142ecka Redlic:<\/strong><br \/>\n1. Eugeniusz B\u0142a\u017ck\u00f3w<br \/>\n2. Irena Sitarska<br \/>\n3. Marek \u017b\u0105d\u0142o<br \/>\n4. Jadwiga D\u0119bicka<br \/>\n5. Bogus\u0142awa Gonet<\/p>\n<p><strong>Rada so\u0142ecka Wielowsi:<\/strong><br \/>\n1. Magdalena Szmigielska<br \/>\n2. Joanna Stach\u00f3w<br \/>\n3. Sebastian Stach\u00f3w<br \/>\n4. El\u017cbieta Kra\u015bnia\u0144ska<br \/>\n5. \u0141ukasz Koselarz<br \/>\n6. Roman Zagrodny<br \/>\n7. J\u00f3zef Blatnik<\/p>\n<p><a href=\"http:\/\/nowa.scinawa.pl\/wp-content\/uploads\/2019\/02\/Harmonogram-wybory-so\u0142tys\u00f3w-0012.jpg\"><img decoding=\"async\" loading=\"lazy\" class=\"aligncenter size-full wp-image-18928\" src=\"http:\/\/nowa.scinawa.pl\/wp-content\/uploads\/2019\/02\/Harmonogram-wybory-so\u0142tys\u00f3w-0012.jpg\" alt=\"\" width=\"1188\" height=\"1119\" srcset=\"https:\/\/scinawa.pl\/wp-content\/uploads\/2019\/02\/Harmonogram-wybory-so\u0142tys\u00f3w-0012.jpg 1188w, https:\/\/scinawa.pl\/wp-content\/uploads\/2019\/02\/Harmonogram-wybory-so\u0142tys\u00f3w-0012-300x283.jpg 300w, https:\/\/scinawa.pl\/wp-content\/uploads\/2019\/02\/Harmonogram-wybory-so\u0142tys\u00f3w-0012-768x723.jpg 768w, https:\/\/scinawa.pl\/wp-content\/uploads\/2019\/02\/Harmonogram-wybory-so\u0142tys\u00f3w-0012-1024x965.jpg 1024w, https:\/\/scinawa.pl\/wp-content\/uploads\/2019\/02\/Harmonogram-wybory-so\u0142tys\u00f3w-0012-24x24.jpg 24w, https:\/\/scinawa.pl\/wp-content\/uploads\/2019\/02\/Harmonogram-wybory-so\u0142tys\u00f3w-0012-36x34.jpg 36w, https:\/\/scinawa.pl\/wp-content\/uploads\/2019\/02\/Harmonogram-wybory-so\u0142tys\u00f3w-0012-48x45.jpg 48w\" sizes=\"(max-width: 1188px) 100vw, 1188px\" \/><\/a><\/p>\n","protected":false},"excerpt":{"rendered":"<p>Rozpocz\u0119\u0142y si\u0119 wybory so\u0142tys\u00f3w i rad so\u0142eckich w gminie \u015acinawa (kadencja 2019-2023), wczoraj g\u0142osowali mieszka\u0144cy Redlic i Wielowsi. W Redlicach<\/p>\n","protected":false},"author":3,"featured_media":17557,"comment_status":"open","ping_status":"open","sticky":false,"template":"","format":"standard","meta":{"ngg_post_thumbnail":0},"categories":[12,3],"tags":[980,312,970],"_links":{"self":[{"href":"https:\/\/scinawa.pl\/index.php\/wp-json\/wp\/v2\/posts\/18983"}],"collection":[{"href":"https:\/\/scinawa.pl\/index.php\/wp-json\/wp\/v2\/posts"}],"about":[{"href":"https:\/\/scinawa.pl\/index.php\/wp-json\/wp\/v2\/types\/post"}],"author":[{"embeddable":true,"href":"https:\/\/scinawa.pl\/index.php\/wp-json\/wp\/v2\/users\/3"}],"replies":[{"embeddable":true,"href":"https:\/\/scinawa.pl\/index.php\/wp-json\/wp\/v2\/comments?post=18983"}],"version-history":[{"count":4,"href":"https:\/\/scinawa.pl\/index.php\/wp-json\/wp\/v2\/posts\/18983\/revisions"}],"predecessor-version":[{"id":18987,"href":"https:\/\/scinawa.pl\/index.php\/wp-json\/wp\/v2\/posts\/18983\/revisions\/18987"}],"wp:featuredmedia":[{"embeddable":true,"href":"https:\/\/scinawa.pl\/index.php\/wp-json\/wp\/v2\/media\/17557"}],"wp:attachment":[{"href":"https:\/\/scinawa.pl\/index.php\/wp-json\/wp\/v2\/media?parent=18983"}],"wp:term":[{"taxonomy":"category","embeddable":true,"href":"https:\/\/scinawa.pl\/index.php\/wp-json\/wp\/v2\/categories?post=18983"},{"taxonomy":"post_tag","embeddable":true,"href":"https:\/\/scinawa.pl\/index.php\/wp-json\/wp\/v2\/tags?post=18983"}],"curies":[{"name":"wp","href":"https:\/\/api.w.org\/{rel}","templated":true}]}}