{"id":18919,"date":"2019-02-20T08:41:27","date_gmt":"2019-02-20T07:41:27","guid":{"rendered":"http:\/\/nowa.scinawa.pl\/?p=18919"},"modified":"2019-02-20T09:42:50","modified_gmt":"2019-02-20T08:42:50","slug":"harmonogram-wyborow-soltysow-i-rad-soleckich","status":"publish","type":"post","link":"https:\/\/scinawa.pl\/index.php\/2019\/02\/20\/harmonogram-wyborow-soltysow-i-rad-soleckich\/","title":{"rendered":"Rozpoczynaj\u0105 si\u0119 wybory so\u0142tys\u00f3w i rad so\u0142eckich"},"content":{"rendered":"<p align=\"justify\"><strong>Przypominamy, \u017ce dzi\u015b rozpoczynaj\u0105 si\u0119 wybory so\u0142tys\u00f3w i rad so\u0142eckich na kadencj\u0119 2019-2023. Zebrania mieszka\u0144c\u00f3w odbywa\u0142y si\u0119 b\u0119d\u0105 w \u015bwietlicach wiejskich, z wyj\u0105tkiem Parszowic (remiza stra\u017cacka). Mieszka\u0144cy Che\u0142mka Wo\u0142owskiego tradycyjnie skorzystaj\u0105 ze \u015bwietlicy w Tymowej. Zawiadomienia z dok\u0142adnymi terminami i miejscem wybor\u00f3w zosta\u0142y umieszczone r\u00f3wnie\u017c na tablicach og\u0142osze\u0144 w poszczeg\u00f3lnych wsiach.<\/strong><\/p>\n<p>&nbsp;<\/p>\n<p><a href=\"http:\/\/nowa.scinawa.pl\/wp-content\/uploads\/2019\/02\/Harmonogram-wybory-so\u0142tys\u00f3w-0012.jpg\"><img decoding=\"async\" loading=\"lazy\" class=\"aligncenter size-full wp-image-18928\" src=\"http:\/\/nowa.scinawa.pl\/wp-content\/uploads\/2019\/02\/Harmonogram-wybory-so\u0142tys\u00f3w-0012.jpg\" alt=\"\" width=\"1188\" height=\"1119\" srcset=\"https:\/\/scinawa.pl\/wp-content\/uploads\/2019\/02\/Harmonogram-wybory-so\u0142tys\u00f3w-0012.jpg 1188w, https:\/\/scinawa.pl\/wp-content\/uploads\/2019\/02\/Harmonogram-wybory-so\u0142tys\u00f3w-0012-300x283.jpg 300w, https:\/\/scinawa.pl\/wp-content\/uploads\/2019\/02\/Harmonogram-wybory-so\u0142tys\u00f3w-0012-768x723.jpg 768w, https:\/\/scinawa.pl\/wp-content\/uploads\/2019\/02\/Harmonogram-wybory-so\u0142tys\u00f3w-0012-1024x965.jpg 1024w, https:\/\/scinawa.pl\/wp-content\/uploads\/2019\/02\/Harmonogram-wybory-so\u0142tys\u00f3w-0012-24x24.jpg 24w, https:\/\/scinawa.pl\/wp-content\/uploads\/2019\/02\/Harmonogram-wybory-so\u0142tys\u00f3w-0012-36x34.jpg 36w, https:\/\/scinawa.pl\/wp-content\/uploads\/2019\/02\/Harmonogram-wybory-so\u0142tys\u00f3w-0012-48x45.jpg 48w\" sizes=\"(max-width: 1188px) 100vw, 1188px\" \/><\/a><\/p>\n","protected":false},"excerpt":{"rendered":"<p>Przypominamy, \u017ce dzi\u015b rozpoczynaj\u0105 si\u0119 wybory so\u0142tys\u00f3w i rad so\u0142eckich na kadencj\u0119 2019-2023. Zebrania mieszka\u0144c\u00f3w odbywa\u0142y si\u0119 b\u0119d\u0105 w \u015bwietlicach<\/p>\n","protected":false},"author":3,"featured_media":17463,"comment_status":"open","ping_status":"open","sticky":false,"template":"","format":"standard","meta":{"ngg_post_thumbnail":0},"categories":[12,3],"tags":[971,970],"_links":{"self":[{"href":"https:\/\/scinawa.pl\/index.php\/wp-json\/wp\/v2\/posts\/18919"}],"collection":[{"href":"https:\/\/scinawa.pl\/index.php\/wp-json\/wp\/v2\/posts"}],"about":[{"href":"https:\/\/scinawa.pl\/index.php\/wp-json\/wp\/v2\/types\/post"}],"author":[{"embeddable":true,"href":"https:\/\/scinawa.pl\/index.php\/wp-json\/wp\/v2\/users\/3"}],"replies":[{"embeddable":true,"href":"https:\/\/scinawa.pl\/index.php\/wp-json\/wp\/v2\/comments?post=18919"}],"version-history":[{"count":9,"href":"https:\/\/scinawa.pl\/index.php\/wp-json\/wp\/v2\/posts\/18919\/revisions"}],"predecessor-version":[{"id":18972,"href":"https:\/\/scinawa.pl\/index.php\/wp-json\/wp\/v2\/posts\/18919\/revisions\/18972"}],"wp:featuredmedia":[{"embeddable":true,"href":"https:\/\/scinawa.pl\/index.php\/wp-json\/wp\/v2\/media\/17463"}],"wp:attachment":[{"href":"https:\/\/scinawa.pl\/index.php\/wp-json\/wp\/v2\/media?parent=18919"}],"wp:term":[{"taxonomy":"category","embeddable":true,"href":"https:\/\/scinawa.pl\/index.php\/wp-json\/wp\/v2\/categories?post=18919"},{"taxonomy":"post_tag","embeddable":true,"href":"https:\/\/scinawa.pl\/index.php\/wp-json\/wp\/v2\/tags?post=18919"}],"curies":[{"name":"wp","href":"https:\/\/api.w.org\/{rel}","templated":true}]}}