{"id":18812,"date":"2019-01-28T10:40:39","date_gmt":"2019-01-28T09:40:39","guid":{"rendered":"http:\/\/nowa.scinawa.pl\/?p=18812"},"modified":"2019-01-28T10:40:39","modified_gmt":"2019-01-28T09:40:39","slug":"najlepsze-ferie-z-ctik","status":"publish","type":"post","link":"https:\/\/scinawa.pl\/index.php\/2019\/01\/28\/najlepsze-ferie-z-ctik\/","title":{"rendered":"Najlepsze ferie z CTiK!"},"content":{"rendered":"<p align=\"justify\"><strong>Uczniowie rozpocz\u0119li w\u0142a\u015bnie dwa tygodnie zas\u0142u\u017conego odpoczynku \u2013 zimowe ferie. Tradycyjnie o dobr\u0105 zabaw\u0119 dzieci i m\u0142odzie\u017cy z gminy \u015acinawa zadba Centrum Turystyki i Kultury. \u2013 Nie akceptujemy nudy, komputery na ten czas zostan\u0105 w domach, bo towarzysz\u0105 nam przez ca\u0142y rok! Stawiamy na dobr\u0105 zabaw\u0119, a gwarantujemy, \u017ce mamy swoje sposoby na wywo\u0142anie u\u015bmiech\u00f3w \u2013 zapowiadaj\u0105 organizatorzy ferii w CTiK.<\/strong><\/p>\n<p align=\"justify\">W ci\u0105gu najbli\u017cszych dw\u00f3ch tygodni (od poniedzia\u0142ku do pi\u0105tku) nie zabraknie ruchu, tw\u00f3rczego my\u015blenia oraz zaj\u0119\u0107 plastycznych, nauki o ekologii, warsztat\u00f3w kulinarnych, wyjazd\u00f3w w ciekawe miejsca, \u015bpiew\u00f3w i ta\u0144c\u00f3w. Zwie\u0144czeniem ferii w CTiK b\u0119dzie bez w\u0105tpienia kostiumowy bal karnawa\u0142owy!<br \/>\nZapraszamy codziennie od 10:00!<\/p>\n<p align=\"justify\">\u2013 Niezale\u017cnie od pogody ch\u0119tnie wype\u0142nimy wolny czas wypoczywaj\u0105cych uczni\u00f3w. Jednak nie tylko b\u0119dziemy si\u0119 bawili w \u015bcinawskim CTiK, ale wyjedziemy r\u00f3wnie\u017c do wiejskich \u015bwietlic, bo przygotowali\u015bmy ciekawe animacje. Pojawimy si\u0119 w miejscowo\u015bciach, kt\u00f3rych mieszka\u0144cy wyrazili tak\u0105 ch\u0119\u0107 i zapotrzebowanie, a szczeg\u00f3\u0142y dotycz\u0105ce samych wyjazd\u00f3w podamy w kolejnym artykule \u2013 m\u00f3wi Anna Podbucka, dyrektor CTIK w \u015acinawie.<\/p>\n<p align=\"justify\">Uwaga: Do udzia\u0142u w zaj\u0119ciach organizowanych przez Centrum Turystyki i Kultury w \u015acinawie, w ramach ferii zimowych, niezb\u0119dne jest dostarczenie zgody od rodzic\u00f3w\/formalnych opiekun\u00f3w. Dokument do pobrania: <a href=\"https:\/\/drive.google.com\/file\/d\/1eKL6RJuxQ9hNNKBv73gd18iLk66DYHWg\/view\"><span style=\"color: #ff0000;\"><strong>TUTAJ<\/strong><\/span><\/a>.<\/p>\n<p>Plan ferii:<\/p>\n<p><a href=\"http:\/\/nowa.scinawa.pl\/wp-content\/uploads\/2019\/01\/5bcbc2e6adc6ac9dfb690a3edcb64ab2_XL.jpg\"><img decoding=\"async\" loading=\"lazy\" class=\"aligncenter size-full wp-image-18757\" src=\"http:\/\/nowa.scinawa.pl\/wp-content\/uploads\/2019\/01\/5bcbc2e6adc6ac9dfb690a3edcb64ab2_XL.jpg\" alt=\"\" width=\"900\" height=\"1273\" srcset=\"https:\/\/scinawa.pl\/wp-content\/uploads\/2019\/01\/5bcbc2e6adc6ac9dfb690a3edcb64ab2_XL.jpg 900w, https:\/\/scinawa.pl\/wp-content\/uploads\/2019\/01\/5bcbc2e6adc6ac9dfb690a3edcb64ab2_XL-212x300.jpg 212w, https:\/\/scinawa.pl\/wp-content\/uploads\/2019\/01\/5bcbc2e6adc6ac9dfb690a3edcb64ab2_XL-768x1086.jpg 768w, https:\/\/scinawa.pl\/wp-content\/uploads\/2019\/01\/5bcbc2e6adc6ac9dfb690a3edcb64ab2_XL-724x1024.jpg 724w, https:\/\/scinawa.pl\/wp-content\/uploads\/2019\/01\/5bcbc2e6adc6ac9dfb690a3edcb64ab2_XL-17x24.jpg 17w, https:\/\/scinawa.pl\/wp-content\/uploads\/2019\/01\/5bcbc2e6adc6ac9dfb690a3edcb64ab2_XL-25x36.jpg 25w, https:\/\/scinawa.pl\/wp-content\/uploads\/2019\/01\/5bcbc2e6adc6ac9dfb690a3edcb64ab2_XL-34x48.jpg 34w\" sizes=\"(max-width: 900px) 100vw, 900px\" \/><\/a><\/p>\n","protected":false},"excerpt":{"rendered":"<p>Uczniowie rozpocz\u0119li w\u0142a\u015bnie dwa tygodnie zas\u0142u\u017conego odpoczynku \u2013 zimowe ferie. Tradycyjnie o dobr\u0105 zabaw\u0119 dzieci i m\u0142odzie\u017cy z gminy \u015acinawa<\/p>\n","protected":false},"author":3,"featured_media":18758,"comment_status":"open","ping_status":"open","sticky":false,"template":"","format":"standard","meta":{"ngg_post_thumbnail":0},"categories":[12,41],"tags":[285,376],"_links":{"self":[{"href":"https:\/\/scinawa.pl\/index.php\/wp-json\/wp\/v2\/posts\/18812"}],"collection":[{"href":"https:\/\/scinawa.pl\/index.php\/wp-json\/wp\/v2\/posts"}],"about":[{"href":"https:\/\/scinawa.pl\/index.php\/wp-json\/wp\/v2\/types\/post"}],"author":[{"embeddable":true,"href":"https:\/\/scinawa.pl\/index.php\/wp-json\/wp\/v2\/users\/3"}],"replies":[{"embeddable":true,"href":"https:\/\/scinawa.pl\/index.php\/wp-json\/wp\/v2\/comments?post=18812"}],"version-history":[{"count":2,"href":"https:\/\/scinawa.pl\/index.php\/wp-json\/wp\/v2\/posts\/18812\/revisions"}],"predecessor-version":[{"id":18814,"href":"https:\/\/scinawa.pl\/index.php\/wp-json\/wp\/v2\/posts\/18812\/revisions\/18814"}],"wp:featuredmedia":[{"embeddable":true,"href":"https:\/\/scinawa.pl\/index.php\/wp-json\/wp\/v2\/media\/18758"}],"wp:attachment":[{"href":"https:\/\/scinawa.pl\/index.php\/wp-json\/wp\/v2\/media?parent=18812"}],"wp:term":[{"taxonomy":"category","embeddable":true,"href":"https:\/\/scinawa.pl\/index.php\/wp-json\/wp\/v2\/categories?post=18812"},{"taxonomy":"post_tag","embeddable":true,"href":"https:\/\/scinawa.pl\/index.php\/wp-json\/wp\/v2\/tags?post=18812"}],"curies":[{"name":"wp","href":"https:\/\/api.w.org\/{rel}","templated":true}]}}